{"id":600,"date":"2021-06-10T02:31:00","date_gmt":"2021-06-10T02:31:00","guid":{"rendered":"http:\/\/localhost:8888\/?p=600"},"modified":"2021-10-27T06:07:34","modified_gmt":"2021-10-27T06:07:34","slug":"empresarios-y-ciudadanos-presentan-iniciativa-social-en-el-valle-del-cauca-con-una-inversion-inicial-de-mas-de-28-000-millones","status":"publish","type":"post","link":"https:\/\/propacifico.org\/en\/blog\/empresarios-y-ciudadanos-presentan-iniciativa-social-en-el-valle-del-cauca-con-una-inversion-inicial-de-mas-de-28-000-millones\/","title":{"rendered":"Empresarios y ciudadanos presentan iniciativa social en el Valle del Cauca, con una inversio\u0301n inicial de ma\u0301s de $28.000 millones"},"content":{"rendered":"<ul><li>Con una inversi\u00f3n inicial que supera los $28.000 millones de pesos, arranca hoy <strong><em>Compromiso Valle<\/em><\/strong>, iniciativa que re\u00fane ciudadanos, empresas de todos los tama\u00f1os y fundaciones, para aportar a la soluci\u00f3n de los grandes retos sociales del Valle del Cauca.<\/li><li>La iniciativa que prioriza 6 l\u00edneas de acci\u00f3n y articula m\u00e1s de 15 programas de impacto social, llegar\u00e1 directamente a siete ciudades del departamento y espera beneficiar a 30 mil ciudadanos en situaci\u00f3n de vulnerabilidad y sus familias.<\/li><\/ul>\n\n\n\n<p><strong>Cali, junio 10 de 2021.&nbsp; <\/strong>Empresarios del Valle del Cauca, destacadas fundaciones del departamento y ciudadanos de la regi\u00f3n han adelantado un proceso de escucha activa y construcci\u00f3n colectiva que hoy permite presentar la iniciativa <strong><em>Compromiso Valle<\/em><\/strong>, con la que se espera contribuir a la generaci\u00f3n de oportunidades que transformen vidas, generen empleo, ingresos, nuevos liderazgos y mejor educaci\u00f3n en la regi\u00f3n, alcanzando 7 ciudades a trav\u00e9s de 6 l\u00edneas de acci\u00f3n que se ejecutar\u00e1n en m\u00e1s de 15 programas sociales cuyos resultados ser\u00e1n medidos a trav\u00e9s de evaluaciones de impacto.<\/p>\n\n\n\n<p>Dichas prioridades o l\u00edneas de acci\u00f3n de la propuesta son:<strong> seguridad alimentaria<\/strong> en donde se trabajar\u00e1 en la ampliaci\u00f3n y fortalecimiento de comedores comunitarios; <strong>transformaci\u00f3n de proyectos de vida<\/strong> que trabajar\u00e1n procesos de resocializaci\u00f3n y acompa\u00f1amiento a j\u00f3venes; <strong>empleabilidad<\/strong> que ofrecer\u00e1 alternativas de formaci\u00f3n pertinente para el empleo con un foco especial en formaci\u00f3n biling\u00fce, socioemocional y tecnol\u00f3gica y enganche laboral; <strong>liderazgo <\/strong>con foco en formaci\u00f3n en&nbsp; temas de gobernanza, procesos de mentor\u00eda y mujeres lideresas; <strong>emprendimiento <\/strong>en donde habr\u00e1 apoyo con fondos, generaci\u00f3n de capacidades y conexiones comerciales y por \u00faltimo, <strong>educaci\u00f3n<\/strong> con programas enfocados en la primera infancia y el fortalecimiento de la calidad educativa a nivel de b\u00e1sica y media.&nbsp; Con esta propuesta se pretende impactar positivamente la vida de 30 mil personas y sus familias en los municipios de: Buga, Candelaria, Yumbo, Cali, Jamund\u00ed, Palmira y Buenaventura.<\/p>\n\n\n\n<p>Como resultado del di\u00e1logo constructivo y directo entre l\u00edderes ciudadanos, juveniles, fundacionales y empresariales que han participado en diferentes espacios de encuentro, hoy se entrega a la regi\u00f3n y al pa\u00eds esta iniciativa de la sociedad civil que aporta y se suma a las soluciones de largo plazo y estructurales a cargo del Gobierno nacional. Esta es una contribuci\u00f3n representativa a nivel territorial para mejorar la vida y generar bienestar en miles de j\u00f3venes y familias de siete municipios del Valle del Cauca.&nbsp;<\/p>\n\n\n\n<p><strong><em>Compromiso Valle<\/em><\/strong> es una iniciativa din\u00e1mica y en construcci\u00f3n constante cuyos resultados se proyectan en el corto, mediano y largo plazo y no s\u00f3lo como respuesta inmediata a las dificultades de la coyuntura actual. As\u00ed se espera, adem\u00e1s, aportar a la reconciliaci\u00f3n y reconstrucci\u00f3n del tejido social tan necesarias en la ciudad de Cali y el departamento del Valle del Cauca luego de un periodo de alta incertidumbre y confrontaci\u00f3n.<\/p>\n\n\n\n<p>Los gestores de esta iniciativa son la ANDI Valle, C\u00e1mara de Comercio de Cali, ProPacifico, Comfandi y la Unidad de Acci\u00f3n Vallecaucana. La ejecuci\u00f3n de los m\u00e1s de 15 programas que conforman la iniciativa estar\u00e1 a cargo de Comfenalco Valle, Fundaci\u00f3n Alvaralice, Fundaci\u00f3n Carvajal, Fundaci\u00f3n Fanalca, Fundaci\u00f3n Sidoc, Fundaci\u00f3n Smurfit Kappa, Fundaci\u00f3n WWB, la Arquidi\u00f3cesis de Cali, Pastoral Social Cali, Comfandi, Invest Pacific y la alianza Valle por y para todos. As\u00ed mismo, se han sumado como aliados Acopi Valle, Amchan regional sur occidente, Camacol Valle, C\u00e1mara Colombiana de Infraestructura seccional occidente, Comit\u00e9 Intergremial del Valle, Grupo Multisectorial y Fenalco Valle, adem\u00e1s de empresas, ciudadanos y otras organizaciones aportantes.<\/p>\n\n\n\n<p>El pr\u00f3ximo mi\u00e9rcoles 16 de junio se convocar\u00e1 a un espacio de socializaci\u00f3n de <strong><em>Compromiso Valle<\/em><\/strong> el cual contar\u00e1 con la participaci\u00f3n de l\u00edderes empresariales y sociales de la regi\u00f3n.&nbsp;<\/p>\n\n\n\n<p>M\u00e1s informaci\u00f3n a trav\u00e9s de las redes sociales y el <strong>#CompromisoValle <\/strong>de la iniciativa:<\/p>\n\n\n\n<p><strong>Facebook:<\/strong><strong> <\/strong>@vallecompromiso <a href=\"https:\/\/www.facebook.com\/vallecompromiso\">https:\/\/www.facebook.com\/vallecompromiso<\/a>&nbsp;<\/p>\n\n\n\n<p><strong>Twitter: <\/strong>@ValleCompromiso <a href=\"https:\/\/twitter.com\/ValleCompromiso\">https:\/\/twitter.com\/ValleCompromiso<\/a><\/p>\n\n\n\n<p><strong>Instagram: <\/strong>@vallecompromiso <a href=\"https:\/\/www.instagram.com\/vallecompromiso\/\">https:\/\/www.instagram.com\/vallecompromiso\/<\/a><\/p>","protected":false},"excerpt":{"rendered":"<p>Con una inversi\u00f3n inicial que supera los $28.000 millones de pesos, arranca hoy Compromiso Valle.<\/p>","protected":false},"author":8,"featured_media":661,"comment_status":"open","ping_status":"open","sticky":false,"template":"","format":"standard","meta":{"footnotes":""},"categories":[1],"tags":[],"yoast_head":"<!-- This site is optimized with the Yoast SEO plugin v20.13 - https:\/\/yoast.com\/wordpress\/plugins\/seo\/ -->\n<title>Empresarios y ciudadanos presentan iniciativa social en el Valle del Cauca, con una inversio\u0301n inicial de ma\u0301s de $28.000 millones - ProPacifico<\/title>\n<meta name=\"robots\" content=\"index, follow, max-snippet:-1, max-image-preview:large, max-video-preview:-1\" \/>\n<link rel=\"canonical\" href=\"https:\/\/propacifico.org\/en\/blog\/empresarios-y-ciudadanos-presentan-iniciativa-social-en-el-valle-del-cauca-con-una-inversion-inicial-de-mas-de-28-000-millones\/\" \/>\n<meta property=\"og:locale\" content=\"en_US\" \/>\n<meta property=\"og:type\" content=\"article\" \/>\n<meta property=\"og:title\" content=\"Empresarios y ciudadanos presentan iniciativa social en el Valle del Cauca, con una inversio\u0301n inicial de ma\u0301s de $28.000 millones - ProPacifico\" \/>\n<meta property=\"og:description\" content=\"Con una inversi\u00f3n inicial que supera los $28.000 millones de pesos, arranca hoy Compromiso Valle.\" \/>\n<meta property=\"og:url\" content=\"https:\/\/propacifico.org\/en\/blog\/empresarios-y-ciudadanos-presentan-iniciativa-social-en-el-valle-del-cauca-con-una-inversion-inicial-de-mas-de-28-000-millones\/\" \/>\n<meta property=\"og:site_name\" content=\"ProPacifico\" \/>\n<meta property=\"article:published_time\" content=\"2021-06-10T02:31:00+00:00\" \/>\n<meta property=\"article:modified_time\" content=\"2021-10-27T06:07:34+00:00\" \/>\n<meta property=\"og:image\" content=\"https:\/\/propacifico.org\/wp-content\/uploads\/2021\/10\/10-06-2021-empresarios-y-ciudadanos-presentan-iniciativa-social-en-el-valle-del-cauca-con-una-inversion-inicial-de-mas-de-28000-millones.jpg\" \/>\n\t<meta property=\"og:image:width\" content=\"857\" \/>\n\t<meta property=\"og:image:height\" content=\"326\" \/>\n\t<meta property=\"og:image:type\" content=\"image\/jpeg\" \/>\n<meta name=\"author\" content=\"Propacifico\" \/>\n<meta name=\"twitter:card\" content=\"summary_large_image\" \/>\n<meta name=\"twitter:label1\" content=\"Written by\" \/>\n\t<meta name=\"twitter:data1\" content=\"Propacifico\" \/>\n\t<meta name=\"twitter:label2\" content=\"Est. reading time\" \/>\n\t<meta name=\"twitter:data2\" content=\"3 minutes\" \/>\n<script type=\"application\/ld+json\" class=\"yoast-schema-graph\">{\"@context\":\"https:\/\/schema.org\",\"@graph\":[{\"@type\":\"WebPage\",\"@id\":\"https:\/\/propacifico.org\/blog\/empresarios-y-ciudadanos-presentan-iniciativa-social-en-el-valle-del-cauca-con-una-inversion-inicial-de-mas-de-28-000-millones\/\",\"url\":\"https:\/\/propacifico.org\/blog\/empresarios-y-ciudadanos-presentan-iniciativa-social-en-el-valle-del-cauca-con-una-inversion-inicial-de-mas-de-28-000-millones\/\",\"name\":\"Empresarios y ciudadanos presentan iniciativa social en el Valle del Cauca, con una inversio\u0301n inicial de ma\u0301s de $28.000 millones - ProPacifico\",\"isPartOf\":{\"@id\":\"https:\/\/propacifico.org\/#website\"},\"datePublished\":\"2021-06-10T02:31:00+00:00\",\"dateModified\":\"2021-10-27T06:07:34+00:00\",\"author\":{\"@id\":\"https:\/\/propacifico.org\/#\/schema\/person\/a3472644bd1a96b2e18216fe00a26d8d\"},\"breadcrumb\":{\"@id\":\"https:\/\/propacifico.org\/blog\/empresarios-y-ciudadanos-presentan-iniciativa-social-en-el-valle-del-cauca-con-una-inversion-inicial-de-mas-de-28-000-millones\/#breadcrumb\"},\"inLanguage\":\"en-US\",\"potentialAction\":[{\"@type\":\"ReadAction\",\"target\":[\"https:\/\/propacifico.org\/blog\/empresarios-y-ciudadanos-presentan-iniciativa-social-en-el-valle-del-cauca-con-una-inversion-inicial-de-mas-de-28-000-millones\/\"]}]},{\"@type\":\"BreadcrumbList\",\"@id\":\"https:\/\/propacifico.org\/blog\/empresarios-y-ciudadanos-presentan-iniciativa-social-en-el-valle-del-cauca-con-una-inversion-inicial-de-mas-de-28-000-millones\/#breadcrumb\",\"itemListElement\":[{\"@type\":\"ListItem\",\"position\":1,\"name\":\"Portada\",\"item\":\"https:\/\/propacifico.org\/\"},{\"@type\":\"ListItem\",\"position\":2,\"name\":\"Empresarios y ciudadanos presentan iniciativa social en el Valle del Cauca, con una inversio\u0301n inicial de ma\u0301s de $28.000 millones\"}]},{\"@type\":\"WebSite\",\"@id\":\"https:\/\/propacifico.org\/#website\",\"url\":\"https:\/\/propacifico.org\/\",\"name\":\"ProPacifico\",\"description\":\"Somos una organizaci\u00f3n privada, sin \u00e1nimo de lucro, independiente y apol\u00edtica que trabaja en pro del desarrollo sostenible de la Regi\u00f3n Pac\u00edfico\",\"potentialAction\":[{\"@type\":\"SearchAction\",\"target\":{\"@type\":\"EntryPoint\",\"urlTemplate\":\"https:\/\/propacifico.org\/?s={search_term_string}\"},\"query-input\":\"required name=search_term_string\"}],\"inLanguage\":\"en-US\"},{\"@type\":\"Person\",\"@id\":\"https:\/\/propacifico.org\/#\/schema\/person\/a3472644bd1a96b2e18216fe00a26d8d\",\"name\":\"Propacifico\",\"image\":{\"@type\":\"ImageObject\",\"inLanguage\":\"en-US\",\"@id\":\"https:\/\/propacifico.org\/#\/schema\/person\/image\/\",\"url\":\"https:\/\/secure.gravatar.com\/avatar\/dbfe1d987a6a7cc0157be44900b3eed7?s=96&d=mm&r=g\",\"contentUrl\":\"https:\/\/secure.gravatar.com\/avatar\/dbfe1d987a6a7cc0157be44900b3eed7?s=96&d=mm&r=g\",\"caption\":\"Propacifico\"},\"url\":\"https:\/\/propacifico.org\/en\/blog\/author\/propacifico\/\"}]}<\/script>\n<!-- \/ Yoast SEO plugin. -->","yoast_head_json":{"title":"Empresarios y ciudadanos presentan iniciativa social en el Valle del Cauca, con una inversio\u0301n inicial de ma\u0301s de $28.000 millones - ProPacifico","robots":{"index":"index","follow":"follow","max-snippet":"max-snippet:-1","max-image-preview":"max-image-preview:large","max-video-preview":"max-video-preview:-1"},"canonical":"https:\/\/propacifico.org\/en\/blog\/empresarios-y-ciudadanos-presentan-iniciativa-social-en-el-valle-del-cauca-con-una-inversion-inicial-de-mas-de-28-000-millones\/","og_locale":"en_US","og_type":"article","og_title":"Empresarios y ciudadanos presentan iniciativa social en el Valle del Cauca, con una inversio\u0301n inicial de ma\u0301s de $28.000 millones - ProPacifico","og_description":"Con una inversi\u00f3n inicial que supera los $28.000 millones de pesos, arranca hoy Compromiso Valle.","og_url":"https:\/\/propacifico.org\/en\/blog\/empresarios-y-ciudadanos-presentan-iniciativa-social-en-el-valle-del-cauca-con-una-inversion-inicial-de-mas-de-28-000-millones\/","og_site_name":"ProPacifico","article_published_time":"2021-06-10T02:31:00+00:00","article_modified_time":"2021-10-27T06:07:34+00:00","og_image":[{"width":857,"height":326,"url":"https:\/\/propacifico.org\/wp-content\/uploads\/2021\/10\/10-06-2021-empresarios-y-ciudadanos-presentan-iniciativa-social-en-el-valle-del-cauca-con-una-inversion-inicial-de-mas-de-28000-millones.jpg","type":"image\/jpeg"}],"author":"Propacifico","twitter_card":"summary_large_image","twitter_misc":{"Written by":"Propacifico","Est. reading time":"3 minutes"},"schema":{"@context":"https:\/\/schema.org","@graph":[{"@type":"WebPage","@id":"https:\/\/propacifico.org\/blog\/empresarios-y-ciudadanos-presentan-iniciativa-social-en-el-valle-del-cauca-con-una-inversion-inicial-de-mas-de-28-000-millones\/","url":"https:\/\/propacifico.org\/blog\/empresarios-y-ciudadanos-presentan-iniciativa-social-en-el-valle-del-cauca-con-una-inversion-inicial-de-mas-de-28-000-millones\/","name":"Empresarios y ciudadanos presentan iniciativa social en el Valle del Cauca, con una inversio\u0301n inicial de ma\u0301s de $28.000 millones - ProPacifico","isPartOf":{"@id":"https:\/\/propacifico.org\/#website"},"datePublished":"2021-06-10T02:31:00+00:00","dateModified":"2021-10-27T06:07:34+00:00","author":{"@id":"https:\/\/propacifico.org\/#\/schema\/person\/a3472644bd1a96b2e18216fe00a26d8d"},"breadcrumb":{"@id":"https:\/\/propacifico.org\/blog\/empresarios-y-ciudadanos-presentan-iniciativa-social-en-el-valle-del-cauca-con-una-inversion-inicial-de-mas-de-28-000-millones\/#breadcrumb"},"inLanguage":"en-US","potentialAction":[{"@type":"ReadAction","target":["https:\/\/propacifico.org\/blog\/empresarios-y-ciudadanos-presentan-iniciativa-social-en-el-valle-del-cauca-con-una-inversion-inicial-de-mas-de-28-000-millones\/"]}]},{"@type":"BreadcrumbList","@id":"https:\/\/propacifico.org\/blog\/empresarios-y-ciudadanos-presentan-iniciativa-social-en-el-valle-del-cauca-con-una-inversion-inicial-de-mas-de-28-000-millones\/#breadcrumb","itemListElement":[{"@type":"ListItem","position":1,"name":"Portada","item":"https:\/\/propacifico.org\/"},{"@type":"ListItem","position":2,"name":"Empresarios y ciudadanos presentan iniciativa social en el Valle del Cauca, con una inversio\u0301n inicial de ma\u0301s de $28.000 millones"}]},{"@type":"WebSite","@id":"https:\/\/propacifico.org\/#website","url":"https:\/\/propacifico.org\/","name":"ProPacifico","description":"Somos una organizaci\u00f3n privada, sin \u00e1nimo de lucro, independiente y apol\u00edtica que trabaja en pro del desarrollo sostenible de la Regi\u00f3n Pac\u00edfico","potentialAction":[{"@type":"SearchAction","target":{"@type":"EntryPoint","urlTemplate":"https:\/\/propacifico.org\/?s={search_term_string}"},"query-input":"required name=search_term_string"}],"inLanguage":"en-US"},{"@type":"Person","@id":"https:\/\/propacifico.org\/#\/schema\/person\/a3472644bd1a96b2e18216fe00a26d8d","name":"Propacifico","image":{"@type":"ImageObject","inLanguage":"en-US","@id":"https:\/\/propacifico.org\/#\/schema\/person\/image\/","url":"https:\/\/secure.gravatar.com\/avatar\/dbfe1d987a6a7cc0157be44900b3eed7?s=96&d=mm&r=g","contentUrl":"https:\/\/secure.gravatar.com\/avatar\/dbfe1d987a6a7cc0157be44900b3eed7?s=96&d=mm&r=g","caption":"Propacifico"},"url":"https:\/\/propacifico.org\/en\/blog\/author\/propacifico\/"}]}},"_links":{"self":[{"href":"https:\/\/propacifico.org\/en\/wp-json\/wp\/v2\/posts\/600"}],"collection":[{"href":"https:\/\/propacifico.org\/en\/wp-json\/wp\/v2\/posts"}],"about":[{"href":"https:\/\/propacifico.org\/en\/wp-json\/wp\/v2\/types\/post"}],"author":[{"embeddable":true,"href":"https:\/\/propacifico.org\/en\/wp-json\/wp\/v2\/users\/8"}],"replies":[{"embeddable":true,"href":"https:\/\/propacifico.org\/en\/wp-json\/wp\/v2\/comments?post=600"}],"version-history":[{"count":4,"href":"https:\/\/propacifico.org\/en\/wp-json\/wp\/v2\/posts\/600\/revisions"}],"predecessor-version":[{"id":665,"href":"https:\/\/propacifico.org\/en\/wp-json\/wp\/v2\/posts\/600\/revisions\/665"}],"wp:featuredmedia":[{"embeddable":true,"href":"https:\/\/propacifico.org\/en\/wp-json\/wp\/v2\/media\/661"}],"wp:attachment":[{"href":"https:\/\/propacifico.org\/en\/wp-json\/wp\/v2\/media?parent=600"}],"wp:term":[{"taxonomy":"category","embeddable":true,"href":"https:\/\/propacifico.org\/en\/wp-json\/wp\/v2\/categories?post=600"},{"taxonomy":"post_tag","embeddable":true,"href":"https:\/\/propacifico.org\/en\/wp-json\/wp\/v2\/tags?post=600"}],"curies":[{"name":"wp","href":"https:\/\/api.w.org\/{rel}","templated":true}]}}