{"id":2002,"date":"2026-03-12T09:20:14","date_gmt":"2026-03-12T14:20:14","guid":{"rendered":"https:\/\/propacifico.org\/?p=2002"},"modified":"2026-03-12T09:23:46","modified_gmt":"2026-03-12T14:23:46","slug":"sin-importar-su-partido-o-ideologia-necesitamos-un-bloque-de-congresistas-unido","status":"publish","type":"post","link":"https:\/\/propacifico.org\/en\/blog\/sin-importar-su-partido-o-ideologia-necesitamos-un-bloque-de-congresistas-unido\/","title":{"rendered":"Bloque de congresistas unido"},"content":{"rendered":"<p>Sin importar su partido o ideolog\u00eda necesitamos un Bloque Parlamentario unido para que trabajemos juntos por los proyectos y prioridades de nuestra regi\u00f3n.<\/p>\n\n\n\n<p>Las elecciones del domingo al Congreso sin duda nos demostraron que la sensaci\u00f3n de polarizaci\u00f3n de las \u00faltimas semanas no era imaginaria, sino completamente real. Sin embargo, con estos resultados \u2013tanto a nivel nacional como regional- tambi\u00e9n cobra a\u00fan m\u00e1s relevancia el mensaje y la convicci\u00f3n de que las diferencias no pueden ser motivo para no trabajar juntos, sobre todo en lo que tiene que ver con los intereses de nuestro Valle del Cauca. Por esto, el llamado que le debemos hacer a los 9 senadores y 13 representantes a la C\u00e1mara elegidos del Valle es claro:&nbsp;<strong>sin importar su partido o ideolog\u00eda necesitamos un Bloque Parlamentario unido para que trabajemos juntos por los proyectos y prioridades de nuestra regi\u00f3n.<\/strong><\/p>\n\n\n\n<p>La educaci\u00f3n de calidad de nuestros ni\u00f1as y ni\u00f1os debe ser una prioridad, pero a\u00fan m\u00e1s importante es que recuperemos a nuestras ni\u00f1as y ni\u00f1os que se encuentran fuera del sistema educativo. Despu\u00e9s de la pandemia, nuestra tasa de cobertura neta no supera el 80 % y lo que es a\u00fan m\u00e1s preocupante es que empeora en el nivel de educaci\u00f3n media y con niveles de deserci\u00f3n superiores al promedio nacional. Si no trabajamos decididamente en la educaci\u00f3n, no tendremos futuro como regi\u00f3n y le seguiremos dejando nuestros ni\u00f1os en bandeja de plata a los grupos armados.<\/p>\n\n\n\n<p><strong>La salud tambi\u00e9n es y debe ser una preocupaci\u00f3n com\u00fan. Por encima de cualquier discusi\u00f3n ideol\u00f3gica, no se puede perder de vista que el gasto de bolsillo de los hogares creci\u00f3 y que el n\u00famero de Peticiones Quejas, Reclamos y Sugerencias (PQRS) en el sistema de salud sigue aumentando.<\/strong>&nbsp;En este caso, como en muchos otros, la ideolog\u00eda no nos puede seguir jugando una mala pasada: la salud de los colombianos y sobre todo la de los vallecaucanos, debe ser una prioridad compartida.<\/p>\n\n\n\n<p>Por otro lado, pero igual de importante est\u00e1 la seguridad, que es sin duda un habilitador del desarrollo y es el tema que menos debiera tener ideolog\u00eda. La falta de seguridad nos afecta a todos por igual y sin distinci\u00f3n socioecon\u00f3mica a empresarios, l\u00edderes sociales, a los j\u00f3venes, estudiantes, etc.&nbsp;<strong>No podemos perder de vista que la seguridad y las amenazas contra los derechos humanos se ha deteriorado aceleradamente en los \u00faltimos a\u00f1os, y que el apoyo y decisi\u00f3n del Gobierno Nacional en este frente es fundamental para enfrentar estos desaf\u00edos.<\/strong><\/p>\n\n\n\n<p>A todo lo anterior se suma obviamente los grandes proyectos de competitividad e infraestructura que el Valle del Cauca necesita sacar adelante: la concesi\u00f3n del Aeropuerto Alfonso Bonilla Arag\u00f3n, la profundizaci\u00f3n del dragado de Buenaventura, nuestro tren de cercan\u00edas, la regasificadora de Buenaventura, la v\u00eda Mulal\u00f3 - Loboguerrero, el acueducto de Buenaventura, el ferrocarril del Pac\u00edfico y la PTAR Ca\u00f1averalejo.<\/p>\n\n\n\n<p>Todos estos temas exigen que nuestros congresistas se unan para estos prop\u00f3sitos de regi\u00f3n, llevando a cabo acciones coordinadas y efectivas para hacerlos realidad. El reto no es menor y por eso hoy m\u00e1s que nunca el Valle del Cauca le hace un llamado al nuevo Bloque de Congresistas, a que entienda que representar a la regi\u00f3n implica trabajar juntos por sus prioridades y que, si bien las diferencias pol\u00edticas son leg\u00edtimas, no pueden estar por encima de los ciudadanos y del desarrollo del departamento.&nbsp;<strong>Desde ProPac\u00edfico siempre estaremos listos para ser apoyo t\u00e9cnico y un hilo naranja que conecta para que logremos juntos estas grandes transformaciones, reconociendo que todos tenemos algo que aportar: el sector p\u00fablico en sus diferentes instituciones, el sector privado y la sociedad civil.&nbsp;<\/strong>Al Valle del Cauca y a Colombia no la sacamos adelante estigmatizando al diferente sino trabajando con \u00e9l.<\/p>\n\n\n\n<p>Tomado de <a href=\"https:\/\/www.elpais.com.co\/opinion\/columnistas\/bloque-de-congresistas-unido-1006.html\">elpais.com.co<\/a><\/p>","protected":false},"excerpt":{"rendered":"<p>Sin importar su partido o ideolog\u00eda necesitamos un Bloque Parlamentario unido para que trabajemos juntos por los proyectos y prioridades de nuestra regi\u00f3n.<\/p>","protected":false},"author":2,"featured_media":2006,"comment_status":"open","ping_status":"open","sticky":false,"template":"","format":"standard","meta":{"footnotes":""},"categories":[8,127,1,126,128],"tags":[75,193,45,31],"yoast_head":"<!-- This site is optimized with the Yoast SEO plugin v20.13 - https:\/\/yoast.com\/wordpress\/plugins\/seo\/ -->\n<title>Bloque de congresistas unido - ProPacifico<\/title>\n<meta name=\"description\" content=\"Mar\u00eda Isabel Ulloa en EL Pa\u00eds Cali habla sobre la importancia de un bloque de congresistas unido sin importar su partido o ideolog\u00eda.\" \/>\n<meta name=\"robots\" content=\"index, follow, max-snippet:-1, max-image-preview:large, max-video-preview:-1\" \/>\n<link rel=\"canonical\" href=\"https:\/\/propacifico.org\/en\/blog\/sin-importar-su-partido-o-ideologia-necesitamos-un-bloque-de-congresistas-unido\/\" \/>\n<meta property=\"og:locale\" content=\"en_US\" \/>\n<meta property=\"og:type\" content=\"article\" \/>\n<meta property=\"og:title\" content=\"Bloque de congresistas unido - ProPacifico\" \/>\n<meta property=\"og:description\" content=\"Mar\u00eda Isabel Ulloa en EL Pa\u00eds Cali habla sobre la importancia de un bloque de congresistas unido sin importar su partido o ideolog\u00eda.\" \/>\n<meta property=\"og:url\" content=\"https:\/\/propacifico.org\/en\/blog\/sin-importar-su-partido-o-ideologia-necesitamos-un-bloque-de-congresistas-unido\/\" \/>\n<meta property=\"og:site_name\" content=\"ProPacifico\" \/>\n<meta property=\"article:published_time\" content=\"2026-03-12T14:20:14+00:00\" \/>\n<meta property=\"article:modified_time\" content=\"2026-03-12T14:23:46+00:00\" \/>\n<meta property=\"og:image\" content=\"https:\/\/propacifico.org\/wp-content\/uploads\/2026\/03\/whatsapp-image-2026-03-12-at-8.10.16-am.jpeg\" \/>\n\t<meta property=\"og:image:width\" content=\"1600\" \/>\n\t<meta property=\"og:image:height\" content=\"1063\" \/>\n\t<meta property=\"og:image:type\" content=\"image\/jpeg\" \/>\n<meta name=\"author\" content=\"Maria Isabel Ulloa\" \/>\n<meta name=\"twitter:card\" content=\"summary_large_image\" \/>\n<meta name=\"twitter:label1\" content=\"Written by\" \/>\n\t<meta name=\"twitter:data1\" content=\"Maria Isabel Ulloa\" \/>\n\t<meta name=\"twitter:label2\" content=\"Est. reading time\" \/>\n\t<meta name=\"twitter:data2\" content=\"3 minutes\" \/>\n<script type=\"application\/ld+json\" class=\"yoast-schema-graph\">{\"@context\":\"https:\/\/schema.org\",\"@graph\":[{\"@type\":\"WebPage\",\"@id\":\"https:\/\/propacifico.org\/blog\/sin-importar-su-partido-o-ideologia-necesitamos-un-bloque-de-congresistas-unido\/\",\"url\":\"https:\/\/propacifico.org\/blog\/sin-importar-su-partido-o-ideologia-necesitamos-un-bloque-de-congresistas-unido\/\",\"name\":\"Bloque de congresistas unido - ProPacifico\",\"isPartOf\":{\"@id\":\"https:\/\/propacifico.org\/#website\"},\"datePublished\":\"2026-03-12T14:20:14+00:00\",\"dateModified\":\"2026-03-12T14:23:46+00:00\",\"author\":{\"@id\":\"https:\/\/propacifico.org\/#\/schema\/person\/52034457a07dd6e248685033a4743838\"},\"description\":\"Mar\u00eda Isabel Ulloa en EL Pa\u00eds Cali habla sobre la importancia de un bloque de congresistas unido sin importar su partido o ideolog\u00eda.\",\"breadcrumb\":{\"@id\":\"https:\/\/propacifico.org\/blog\/sin-importar-su-partido-o-ideologia-necesitamos-un-bloque-de-congresistas-unido\/#breadcrumb\"},\"inLanguage\":\"en-US\",\"potentialAction\":[{\"@type\":\"ReadAction\",\"target\":[\"https:\/\/propacifico.org\/blog\/sin-importar-su-partido-o-ideologia-necesitamos-un-bloque-de-congresistas-unido\/\"]}]},{\"@type\":\"BreadcrumbList\",\"@id\":\"https:\/\/propacifico.org\/blog\/sin-importar-su-partido-o-ideologia-necesitamos-un-bloque-de-congresistas-unido\/#breadcrumb\",\"itemListElement\":[{\"@type\":\"ListItem\",\"position\":1,\"name\":\"Portada\",\"item\":\"https:\/\/propacifico.org\/\"},{\"@type\":\"ListItem\",\"position\":2,\"name\":\"Bloque de congresistas unido\"}]},{\"@type\":\"WebSite\",\"@id\":\"https:\/\/propacifico.org\/#website\",\"url\":\"https:\/\/propacifico.org\/\",\"name\":\"ProPacifico\",\"description\":\"Somos una organizaci\u00f3n privada, sin \u00e1nimo de lucro, independiente y apol\u00edtica que trabaja en pro del desarrollo sostenible de la Regi\u00f3n Pac\u00edfico\",\"potentialAction\":[{\"@type\":\"SearchAction\",\"target\":{\"@type\":\"EntryPoint\",\"urlTemplate\":\"https:\/\/propacifico.org\/?s={search_term_string}\"},\"query-input\":\"required name=search_term_string\"}],\"inLanguage\":\"en-US\"},{\"@type\":\"Person\",\"@id\":\"https:\/\/propacifico.org\/#\/schema\/person\/52034457a07dd6e248685033a4743838\",\"name\":\"Maria Isabel Ulloa\",\"image\":{\"@type\":\"ImageObject\",\"inLanguage\":\"en-US\",\"@id\":\"https:\/\/propacifico.org\/#\/schema\/person\/image\/\",\"url\":\"https:\/\/secure.gravatar.com\/avatar\/f5893d2d06b6e6bc047b8767a66c428f?s=96&d=mm&r=g\",\"contentUrl\":\"https:\/\/secure.gravatar.com\/avatar\/f5893d2d06b6e6bc047b8767a66c428f?s=96&d=mm&r=g\",\"caption\":\"Maria Isabel Ulloa\"},\"url\":\"https:\/\/propacifico.org\/en\/blog\/author\/maria_isabel_ulloa\/\"}]}<\/script>\n<!-- \/ Yoast SEO plugin. -->","yoast_head_json":{"title":"Bloque de congresistas unido - ProPacifico","description":"Mar\u00eda Isabel Ulloa en EL Pa\u00eds Cali habla sobre la importancia de un bloque de congresistas unido sin importar su partido o ideolog\u00eda.","robots":{"index":"index","follow":"follow","max-snippet":"max-snippet:-1","max-image-preview":"max-image-preview:large","max-video-preview":"max-video-preview:-1"},"canonical":"https:\/\/propacifico.org\/en\/blog\/sin-importar-su-partido-o-ideologia-necesitamos-un-bloque-de-congresistas-unido\/","og_locale":"en_US","og_type":"article","og_title":"Bloque de congresistas unido - ProPacifico","og_description":"Mar\u00eda Isabel Ulloa en EL Pa\u00eds Cali habla sobre la importancia de un bloque de congresistas unido sin importar su partido o ideolog\u00eda.","og_url":"https:\/\/propacifico.org\/en\/blog\/sin-importar-su-partido-o-ideologia-necesitamos-un-bloque-de-congresistas-unido\/","og_site_name":"ProPacifico","article_published_time":"2026-03-12T14:20:14+00:00","article_modified_time":"2026-03-12T14:23:46+00:00","og_image":[{"width":1600,"height":1063,"url":"https:\/\/propacifico.org\/wp-content\/uploads\/2026\/03\/whatsapp-image-2026-03-12-at-8.10.16-am.jpeg","type":"image\/jpeg"}],"author":"Maria Isabel Ulloa","twitter_card":"summary_large_image","twitter_misc":{"Written by":"Maria Isabel Ulloa","Est. reading time":"3 minutes"},"schema":{"@context":"https:\/\/schema.org","@graph":[{"@type":"WebPage","@id":"https:\/\/propacifico.org\/blog\/sin-importar-su-partido-o-ideologia-necesitamos-un-bloque-de-congresistas-unido\/","url":"https:\/\/propacifico.org\/blog\/sin-importar-su-partido-o-ideologia-necesitamos-un-bloque-de-congresistas-unido\/","name":"Bloque de congresistas unido - ProPacifico","isPartOf":{"@id":"https:\/\/propacifico.org\/#website"},"datePublished":"2026-03-12T14:20:14+00:00","dateModified":"2026-03-12T14:23:46+00:00","author":{"@id":"https:\/\/propacifico.org\/#\/schema\/person\/52034457a07dd6e248685033a4743838"},"description":"Mar\u00eda Isabel Ulloa en EL Pa\u00eds Cali habla sobre la importancia de un bloque de congresistas unido sin importar su partido o ideolog\u00eda.","breadcrumb":{"@id":"https:\/\/propacifico.org\/blog\/sin-importar-su-partido-o-ideologia-necesitamos-un-bloque-de-congresistas-unido\/#breadcrumb"},"inLanguage":"en-US","potentialAction":[{"@type":"ReadAction","target":["https:\/\/propacifico.org\/blog\/sin-importar-su-partido-o-ideologia-necesitamos-un-bloque-de-congresistas-unido\/"]}]},{"@type":"BreadcrumbList","@id":"https:\/\/propacifico.org\/blog\/sin-importar-su-partido-o-ideologia-necesitamos-un-bloque-de-congresistas-unido\/#breadcrumb","itemListElement":[{"@type":"ListItem","position":1,"name":"Portada","item":"https:\/\/propacifico.org\/"},{"@type":"ListItem","position":2,"name":"Bloque de congresistas unido"}]},{"@type":"WebSite","@id":"https:\/\/propacifico.org\/#website","url":"https:\/\/propacifico.org\/","name":"ProPacifico","description":"Somos una organizaci\u00f3n privada, sin \u00e1nimo de lucro, independiente y apol\u00edtica que trabaja en pro del desarrollo sostenible de la Regi\u00f3n Pac\u00edfico","potentialAction":[{"@type":"SearchAction","target":{"@type":"EntryPoint","urlTemplate":"https:\/\/propacifico.org\/?s={search_term_string}"},"query-input":"required name=search_term_string"}],"inLanguage":"en-US"},{"@type":"Person","@id":"https:\/\/propacifico.org\/#\/schema\/person\/52034457a07dd6e248685033a4743838","name":"Maria Isabel Ulloa","image":{"@type":"ImageObject","inLanguage":"en-US","@id":"https:\/\/propacifico.org\/#\/schema\/person\/image\/","url":"https:\/\/secure.gravatar.com\/avatar\/f5893d2d06b6e6bc047b8767a66c428f?s=96&d=mm&r=g","contentUrl":"https:\/\/secure.gravatar.com\/avatar\/f5893d2d06b6e6bc047b8767a66c428f?s=96&d=mm&r=g","caption":"Maria Isabel Ulloa"},"url":"https:\/\/propacifico.org\/en\/blog\/author\/maria_isabel_ulloa\/"}]}},"_links":{"self":[{"href":"https:\/\/propacifico.org\/en\/wp-json\/wp\/v2\/posts\/2002"}],"collection":[{"href":"https:\/\/propacifico.org\/en\/wp-json\/wp\/v2\/posts"}],"about":[{"href":"https:\/\/propacifico.org\/en\/wp-json\/wp\/v2\/types\/post"}],"author":[{"embeddable":true,"href":"https:\/\/propacifico.org\/en\/wp-json\/wp\/v2\/users\/2"}],"replies":[{"embeddable":true,"href":"https:\/\/propacifico.org\/en\/wp-json\/wp\/v2\/comments?post=2002"}],"version-history":[{"count":2,"href":"https:\/\/propacifico.org\/en\/wp-json\/wp\/v2\/posts\/2002\/revisions"}],"predecessor-version":[{"id":2007,"href":"https:\/\/propacifico.org\/en\/wp-json\/wp\/v2\/posts\/2002\/revisions\/2007"}],"wp:featuredmedia":[{"embeddable":true,"href":"https:\/\/propacifico.org\/en\/wp-json\/wp\/v2\/media\/2006"}],"wp:attachment":[{"href":"https:\/\/propacifico.org\/en\/wp-json\/wp\/v2\/media?parent=2002"}],"wp:term":[{"taxonomy":"category","embeddable":true,"href":"https:\/\/propacifico.org\/en\/wp-json\/wp\/v2\/categories?post=2002"},{"taxonomy":"post_tag","embeddable":true,"href":"https:\/\/propacifico.org\/en\/wp-json\/wp\/v2\/tags?post=2002"}],"curies":[{"name":"wp","href":"https:\/\/api.w.org\/{rel}","templated":true}]}}