{"id":1405,"date":"2024-07-26T11:22:03","date_gmt":"2024-07-26T16:22:03","guid":{"rendered":"https:\/\/propacifico.org\/?p=1405"},"modified":"2024-08-13T11:17:04","modified_gmt":"2024-08-13T16:17:04","slug":"como-regalo-por-los-488-anos-de-la-ciudad-cali-para-mi-sigue-promoviendo-la-accion-ciudadana","status":"publish","type":"post","link":"https:\/\/propacifico.org\/en\/blog\/como-regalo-por-los-488-anos-de-la-ciudad-cali-para-mi-sigue-promoviendo-la-accion-ciudadana\/","title":{"rendered":"Como regalo por los 488 a\u00f1os de la ciudad, Cali Para M\u00ed sigue promoviendo la acci\u00f3n ciudadana"},"content":{"rendered":"<ul>\n<li><em>La iniciativa particip\u00f3 en los espacios de construcci\u00f3n del Plan de Desarrollo Distrital y gracias a su incidencia se logr\u00f3 que 18 de los 20 proyectos priorizados por la ciudadan\u00eda en el ejercicio previo realizado en Cali para m\u00ed fueran incluidos.<\/em><\/li>\n\n\n\n<li><em>Tras la aprobaci\u00f3n del Plan de Desarrollo Distrital, se llev\u00f3 a cabo un ejercicio de evaluaci\u00f3n de percepci\u00f3n entre los ciudadanos, en el que se encontr\u00f3 que estaban satisfechos con la inclusi\u00f3n de seis de los proyectos, pero expresaron insatisfacci\u00f3n con la forma en que se concretaron otros ocho.<\/em><em><\/em><\/li>\n<\/ul>\n\n\n\n<p>Socializar c\u00f3mo quedaron incluidos en el Plan de Desarrollo Distrital 18 de los 20 proyectos priorizados por m\u00e1s de 25.000 cale\u00f1os, fue el regalo que la estrategia de participaci\u00f3n ciudadana Cali Para M\u00ed, en conjunto con Datos que Hacen Ciudad, brind\u00f3 a la ciudadan\u00eda en el marco del cumplea\u00f1os n\u00famero 488 de la capital vallecaucana.<\/p>\n\n\n\n<p>A trav\u00e9s de cuatro talleres y durante actividades de socializaci\u00f3n en diferentes puntos clave de la ciudad como el bulevar del R\u00edo Cali, el Parque del Ingenio y el Parque San Antonio, m\u00e1s de 310 ciudadanos recibieron informaci\u00f3n detallada sobre las metas, indicadores y presupuestos asignados para cada proyecto incluido en el Plan de Desarrollo, aprobado mediante el Acuerdo 0578 de 2024. Los talleres abordaron temas cruciales como educaci\u00f3n, vivienda y servicios p\u00fablicos, seguridad y convivencia, cultura, arte y patrimonio, salud, sistema alimentario, movilidad, medio ambiente y bienestar animal.<\/p>\n\n\n\n<blockquote class=\"wp-block-quote\">\n<p>\u201cCali para M\u00ed ha sumado m\u00e1s de 25 mil voces en sus distintas etapas y al llegar al cumplea\u00f1os n\u00famero 488 de la ciudad qu\u00e9 mejor regalo que continuar esta conversaci\u00f3n por la Cali que queremos desarrollando una mirada cr\u00edtica sobre el futuro de la ciudad y conociendo en profundidad los proyectos necesarios para su transformaci\u00f3n, de modo que podamos entre todos hacer seguimiento a su ejecuci\u00f3n\u201d, afirm\u00f3 Mar\u00eda Isabel Ulloa, directora ejecutiva de ProPac\u00edfico.<\/p>\n<\/blockquote>\n\n\n\n<p>Los talleres realizados permitieron evaluar las percepciones de los participantes y su nivel de satisfacci\u00f3n frente a la incorporaci\u00f3n de los proyectos priorizados en el Plan de Desarrollo.<\/p>\n\n\n\n<p>Este ejercicio evidenci\u00f3 que, en promedio, los ciudadanos se encuentran satisfechos con la inclusi\u00f3n de seis proyectos espec\u00edficos en el Plan de Desarrollo Distrital: Descontaminaci\u00f3n del R\u00edo Cauca, Cali Digital, Seguridad Ciudadana, Parque del Reciclaje, Barrios Completos y Mejorados, as\u00ed como el Parque del R\u00edo Cauca Oriente.<\/p>\n\n\n\n<p>simismo, se mostr\u00f3 una posici\u00f3n neutral frente a los proyectos de Biling\u00fcismo para todos, Mejores colegios p\u00fablicos, Galer\u00eda de Acopio Campesino, Mejores V\u00edas para Cali, Tren de Cercan\u00edas y Sistema de Cultura y Arte.<\/p>\n\n\n\n<p>Por otro lado, se identific\u00f3 que la ciudadan\u00eda est\u00e1 insatisfecha con la manera en que se incorporaron 8 proyectos espec\u00edficos: Red de Galer\u00edas, Universidad para el Distrito, Cali C\u00edvica Diversa y Unida, Cero Hambre, Educaci\u00f3n de Calidad, Recuperaci\u00f3n del MIO, Salud a Tiempo y Centro de Promoci\u00f3n de Bienestar Animal.<\/p>\n\n\n\n<p>Algunos participantes mencionaron que su falta de satisfacci\u00f3n se debe a que las metas dentro del Plan de Desarrollo no fueron suficientemente ambiciosas, los indicadores de producto no se ajustaron completamente a la acci\u00f3n o componente del proyecto priorizado y, en algunos casos, los recursos asignados no fueron suficientes. Adem\u00e1s, expresaron que no se reflej\u00f3 un enfoque de poblaci\u00f3n en varios indicadores.<\/p>\n\n\n\n<p>Desde su lanzamiento, Cali Para M\u00ed ha motivado a los ciudadanos a participar activamente en la toma de decisiones y en la supervisi\u00f3n de la gesti\u00f3n p\u00fablica, con el objetivo de influir en la construcci\u00f3n del plan de desarrollo y en la revisi\u00f3n del plan de ordenamiento territorial. El siguiente paso de la iniciativa ser\u00e1 convocar talleres dise\u00f1ados para proporcionar herramientas que permitan a los cale\u00f1os asumir su responsabilidad c\u00edvica en el desarrollo y realizar un seguimiento de la ejecuci\u00f3n de los proyectos. Los resultados de este ejercicio ser\u00e1n publicados en la p\u00e1gina web de la iniciativa www.caliparami.org<\/p>\n\n\n\n<p><strong>Eligiendo los regalos para Cali<\/strong><\/p>\n\n\n\n<p>De cara a la celebraci\u00f3n del cumplea\u00f1os de Cali, se les pregunt\u00f3 a 231 cale\u00f1os \u00bfqu\u00e9 regalo le entregar\u00edan a la ciudad? Entre las ideas m\u00e1s mencionadas, se encontraron acciones para mejorar las condiciones en materia de medio ambiente y bienestar animal, tales como no arrojar basuras a la calle, ejecutar proyectos de limpieza y embellecimiento comunitario y cuidar a los animales.<\/p>\n\n\n\n<p>Los cale\u00f1os tambi\u00e9n mencionaron como regalos: fomentar el civismo, apoyar a los ancianos que enfrentan hambre y maltrato, concientizar a la poblaci\u00f3n sobre la situaci\u00f3n de los habitantes de calle y tener mejores pr\u00e1cticas al transitar por las calles.<\/p>\n\n\n\n<p>Al ser cuestionados sobre qu\u00e9 regalo deber\u00eda entregar el alcalde a la ciudad por su cumplea\u00f1os, la mayor\u00eda de las respuestas se asociaron con temas como seguridad, movilidad e inclusi\u00f3n social.<\/p>\n\n\n\n<p><strong>Sobre Cali Para M\u00ed<\/strong><\/p>\n\n\n\n<p>Cali Para M\u00ed es una iniciativa de participaci\u00f3n ciudadana que, mediante una conversaci\u00f3n amplia y diversa, propone la priorizaci\u00f3n de 20 proyectos estrat\u00e9gicos para la construcci\u00f3n de una agenda de desarrollo territorial que contribuya a la transformaci\u00f3n de Cali a mediano y largo plazo.<\/p>\n\n\n\n<p>Esta conversaci\u00f3n ciudadana, sin precedentes, ha sido posible gracias al apoyo y respaldo de la C\u00e1mara de Comercio de Cali, Comfandi, Comfenalco, ProPac\u00edfico, Universidad del Valle, Universidad ICESI, Universidad de San Buenaventura, Universidad Javeriana, Universidad Aut\u00f3noma de Occidente y la Unidad de Acci\u00f3n Vallecaucana.<\/p>","protected":false},"excerpt":{"rendered":"<p>Socializamos c\u00f3mo quedaron incluidos en el Plan de Desarrollo Distrital 18 de los 20 proyectos priorizados por los cale\u00f1os.<\/p>","protected":false},"author":8,"featured_media":1410,"comment_status":"open","ping_status":"open","sticky":false,"template":"","format":"standard","meta":{"footnotes":""},"categories":[13],"tags":[62,33,108,136,31,63],"yoast_head":"<!-- This site is optimized with the Yoast SEO plugin v20.13 - https:\/\/yoast.com\/wordpress\/plugins\/seo\/ -->\n<title>Cali Para M\u00ed sigue promoviendo la acci\u00f3n ciudadana - ProPacifico<\/title>\n<meta name=\"description\" content=\"En el cumplea\u00f1os n\u00famero 488 de Cali, socializamos c\u00f3mo quedaron incluidos en el PDD 18 de los 20 proyectos priorizados por los cale\u00f1os en Cali para M\u00ed.\" \/>\n<meta name=\"robots\" content=\"index, follow, max-snippet:-1, max-image-preview:large, max-video-preview:-1\" \/>\n<link rel=\"canonical\" href=\"https:\/\/propacifico.org\/en\/blog\/como-regalo-por-los-488-anos-de-la-ciudad-cali-para-mi-sigue-promoviendo-la-accion-ciudadana\/\" \/>\n<meta property=\"og:locale\" content=\"en_US\" \/>\n<meta property=\"og:type\" content=\"article\" \/>\n<meta property=\"og:title\" content=\"Cali Para M\u00ed sigue promoviendo la acci\u00f3n ciudadana - ProPacifico\" \/>\n<meta property=\"og:description\" content=\"En el cumplea\u00f1os n\u00famero 488 de Cali, socializamos c\u00f3mo quedaron incluidos en el PDD 18 de los 20 proyectos priorizados por los cale\u00f1os en Cali para M\u00ed.\" \/>\n<meta property=\"og:url\" content=\"https:\/\/propacifico.org\/en\/blog\/como-regalo-por-los-488-anos-de-la-ciudad-cali-para-mi-sigue-promoviendo-la-accion-ciudadana\/\" \/>\n<meta property=\"og:site_name\" content=\"ProPacifico\" \/>\n<meta property=\"article:published_time\" content=\"2024-07-26T16:22:03+00:00\" \/>\n<meta property=\"article:modified_time\" content=\"2024-08-13T16:17:04+00:00\" \/>\n<meta property=\"og:image\" content=\"https:\/\/propacifico.org\/wp-content\/uploads\/2024\/07\/cali-para-mi-3-1024x576.png\" \/>\n\t<meta property=\"og:image:width\" content=\"1024\" \/>\n\t<meta property=\"og:image:height\" content=\"576\" \/>\n\t<meta property=\"og:image:type\" content=\"image\/png\" \/>\n<meta name=\"author\" content=\"Propacifico\" \/>\n<meta name=\"twitter:card\" content=\"summary_large_image\" \/>\n<meta name=\"twitter:label1\" content=\"Written by\" \/>\n\t<meta name=\"twitter:data1\" content=\"Propacifico\" \/>\n\t<meta name=\"twitter:label2\" content=\"Est. reading time\" \/>\n\t<meta name=\"twitter:data2\" content=\"4 minutes\" \/>\n<script type=\"application\/ld+json\" class=\"yoast-schema-graph\">{\"@context\":\"https:\/\/schema.org\",\"@graph\":[{\"@type\":\"WebPage\",\"@id\":\"https:\/\/propacifico.org\/blog\/como-regalo-por-los-488-anos-de-la-ciudad-cali-para-mi-sigue-promoviendo-la-accion-ciudadana\/\",\"url\":\"https:\/\/propacifico.org\/blog\/como-regalo-por-los-488-anos-de-la-ciudad-cali-para-mi-sigue-promoviendo-la-accion-ciudadana\/\",\"name\":\"Cali Para M\u00ed sigue promoviendo la acci\u00f3n ciudadana - ProPacifico\",\"isPartOf\":{\"@id\":\"https:\/\/propacifico.org\/#website\"},\"datePublished\":\"2024-07-26T16:22:03+00:00\",\"dateModified\":\"2024-08-13T16:17:04+00:00\",\"author\":{\"@id\":\"https:\/\/propacifico.org\/#\/schema\/person\/a3472644bd1a96b2e18216fe00a26d8d\"},\"description\":\"En el cumplea\u00f1os n\u00famero 488 de Cali, socializamos c\u00f3mo quedaron incluidos en el PDD 18 de los 20 proyectos priorizados por los cale\u00f1os en Cali para M\u00ed.\",\"breadcrumb\":{\"@id\":\"https:\/\/propacifico.org\/blog\/como-regalo-por-los-488-anos-de-la-ciudad-cali-para-mi-sigue-promoviendo-la-accion-ciudadana\/#breadcrumb\"},\"inLanguage\":\"en-US\",\"potentialAction\":[{\"@type\":\"ReadAction\",\"target\":[\"https:\/\/propacifico.org\/blog\/como-regalo-por-los-488-anos-de-la-ciudad-cali-para-mi-sigue-promoviendo-la-accion-ciudadana\/\"]}]},{\"@type\":\"BreadcrumbList\",\"@id\":\"https:\/\/propacifico.org\/blog\/como-regalo-por-los-488-anos-de-la-ciudad-cali-para-mi-sigue-promoviendo-la-accion-ciudadana\/#breadcrumb\",\"itemListElement\":[{\"@type\":\"ListItem\",\"position\":1,\"name\":\"Portada\",\"item\":\"https:\/\/propacifico.org\/\"},{\"@type\":\"ListItem\",\"position\":2,\"name\":\"Como regalo por los 488 a\u00f1os de la ciudad, Cali Para M\u00ed sigue promoviendo la acci\u00f3n ciudadana\"}]},{\"@type\":\"WebSite\",\"@id\":\"https:\/\/propacifico.org\/#website\",\"url\":\"https:\/\/propacifico.org\/\",\"name\":\"ProPacifico\",\"description\":\"Somos una organizaci\u00f3n privada, sin \u00e1nimo de lucro, independiente y apol\u00edtica que trabaja en pro del desarrollo sostenible de la Regi\u00f3n Pac\u00edfico\",\"potentialAction\":[{\"@type\":\"SearchAction\",\"target\":{\"@type\":\"EntryPoint\",\"urlTemplate\":\"https:\/\/propacifico.org\/?s={search_term_string}\"},\"query-input\":\"required name=search_term_string\"}],\"inLanguage\":\"en-US\"},{\"@type\":\"Person\",\"@id\":\"https:\/\/propacifico.org\/#\/schema\/person\/a3472644bd1a96b2e18216fe00a26d8d\",\"name\":\"Propacifico\",\"image\":{\"@type\":\"ImageObject\",\"inLanguage\":\"en-US\",\"@id\":\"https:\/\/propacifico.org\/#\/schema\/person\/image\/\",\"url\":\"https:\/\/secure.gravatar.com\/avatar\/dbfe1d987a6a7cc0157be44900b3eed7?s=96&d=mm&r=g\",\"contentUrl\":\"https:\/\/secure.gravatar.com\/avatar\/dbfe1d987a6a7cc0157be44900b3eed7?s=96&d=mm&r=g\",\"caption\":\"Propacifico\"},\"url\":\"https:\/\/propacifico.org\/en\/blog\/author\/propacifico\/\"}]}<\/script>\n<!-- \/ Yoast SEO plugin. -->","yoast_head_json":{"title":"Cali Para M\u00ed sigue promoviendo la acci\u00f3n ciudadana - ProPacifico","description":"En el cumplea\u00f1os n\u00famero 488 de Cali, socializamos c\u00f3mo quedaron incluidos en el PDD 18 de los 20 proyectos priorizados por los cale\u00f1os en Cali para M\u00ed.","robots":{"index":"index","follow":"follow","max-snippet":"max-snippet:-1","max-image-preview":"max-image-preview:large","max-video-preview":"max-video-preview:-1"},"canonical":"https:\/\/propacifico.org\/en\/blog\/como-regalo-por-los-488-anos-de-la-ciudad-cali-para-mi-sigue-promoviendo-la-accion-ciudadana\/","og_locale":"en_US","og_type":"article","og_title":"Cali Para M\u00ed sigue promoviendo la acci\u00f3n ciudadana - ProPacifico","og_description":"En el cumplea\u00f1os n\u00famero 488 de Cali, socializamos c\u00f3mo quedaron incluidos en el PDD 18 de los 20 proyectos priorizados por los cale\u00f1os en Cali para M\u00ed.","og_url":"https:\/\/propacifico.org\/en\/blog\/como-regalo-por-los-488-anos-de-la-ciudad-cali-para-mi-sigue-promoviendo-la-accion-ciudadana\/","og_site_name":"ProPacifico","article_published_time":"2024-07-26T16:22:03+00:00","article_modified_time":"2024-08-13T16:17:04+00:00","og_image":[{"width":1024,"height":576,"url":"https:\/\/propacifico.org\/wp-content\/uploads\/2024\/07\/cali-para-mi-3-1024x576.png","type":"image\/png"}],"author":"Propacifico","twitter_card":"summary_large_image","twitter_misc":{"Written by":"Propacifico","Est. reading time":"4 minutes"},"schema":{"@context":"https:\/\/schema.org","@graph":[{"@type":"WebPage","@id":"https:\/\/propacifico.org\/blog\/como-regalo-por-los-488-anos-de-la-ciudad-cali-para-mi-sigue-promoviendo-la-accion-ciudadana\/","url":"https:\/\/propacifico.org\/blog\/como-regalo-por-los-488-anos-de-la-ciudad-cali-para-mi-sigue-promoviendo-la-accion-ciudadana\/","name":"Cali Para M\u00ed sigue promoviendo la acci\u00f3n ciudadana - ProPacifico","isPartOf":{"@id":"https:\/\/propacifico.org\/#website"},"datePublished":"2024-07-26T16:22:03+00:00","dateModified":"2024-08-13T16:17:04+00:00","author":{"@id":"https:\/\/propacifico.org\/#\/schema\/person\/a3472644bd1a96b2e18216fe00a26d8d"},"description":"En el cumplea\u00f1os n\u00famero 488 de Cali, socializamos c\u00f3mo quedaron incluidos en el PDD 18 de los 20 proyectos priorizados por los cale\u00f1os en Cali para M\u00ed.","breadcrumb":{"@id":"https:\/\/propacifico.org\/blog\/como-regalo-por-los-488-anos-de-la-ciudad-cali-para-mi-sigue-promoviendo-la-accion-ciudadana\/#breadcrumb"},"inLanguage":"en-US","potentialAction":[{"@type":"ReadAction","target":["https:\/\/propacifico.org\/blog\/como-regalo-por-los-488-anos-de-la-ciudad-cali-para-mi-sigue-promoviendo-la-accion-ciudadana\/"]}]},{"@type":"BreadcrumbList","@id":"https:\/\/propacifico.org\/blog\/como-regalo-por-los-488-anos-de-la-ciudad-cali-para-mi-sigue-promoviendo-la-accion-ciudadana\/#breadcrumb","itemListElement":[{"@type":"ListItem","position":1,"name":"Portada","item":"https:\/\/propacifico.org\/"},{"@type":"ListItem","position":2,"name":"Como regalo por los 488 a\u00f1os de la ciudad, Cali Para M\u00ed sigue promoviendo la acci\u00f3n ciudadana"}]},{"@type":"WebSite","@id":"https:\/\/propacifico.org\/#website","url":"https:\/\/propacifico.org\/","name":"ProPacifico","description":"Somos una organizaci\u00f3n privada, sin \u00e1nimo de lucro, independiente y apol\u00edtica que trabaja en pro del desarrollo sostenible de la Regi\u00f3n Pac\u00edfico","potentialAction":[{"@type":"SearchAction","target":{"@type":"EntryPoint","urlTemplate":"https:\/\/propacifico.org\/?s={search_term_string}"},"query-input":"required name=search_term_string"}],"inLanguage":"en-US"},{"@type":"Person","@id":"https:\/\/propacifico.org\/#\/schema\/person\/a3472644bd1a96b2e18216fe00a26d8d","name":"Propacifico","image":{"@type":"ImageObject","inLanguage":"en-US","@id":"https:\/\/propacifico.org\/#\/schema\/person\/image\/","url":"https:\/\/secure.gravatar.com\/avatar\/dbfe1d987a6a7cc0157be44900b3eed7?s=96&d=mm&r=g","contentUrl":"https:\/\/secure.gravatar.com\/avatar\/dbfe1d987a6a7cc0157be44900b3eed7?s=96&d=mm&r=g","caption":"Propacifico"},"url":"https:\/\/propacifico.org\/en\/blog\/author\/propacifico\/"}]}},"_links":{"self":[{"href":"https:\/\/propacifico.org\/en\/wp-json\/wp\/v2\/posts\/1405"}],"collection":[{"href":"https:\/\/propacifico.org\/en\/wp-json\/wp\/v2\/posts"}],"about":[{"href":"https:\/\/propacifico.org\/en\/wp-json\/wp\/v2\/types\/post"}],"author":[{"embeddable":true,"href":"https:\/\/propacifico.org\/en\/wp-json\/wp\/v2\/users\/8"}],"replies":[{"embeddable":true,"href":"https:\/\/propacifico.org\/en\/wp-json\/wp\/v2\/comments?post=1405"}],"version-history":[{"count":5,"href":"https:\/\/propacifico.org\/en\/wp-json\/wp\/v2\/posts\/1405\/revisions"}],"predecessor-version":[{"id":1441,"href":"https:\/\/propacifico.org\/en\/wp-json\/wp\/v2\/posts\/1405\/revisions\/1441"}],"wp:featuredmedia":[{"embeddable":true,"href":"https:\/\/propacifico.org\/en\/wp-json\/wp\/v2\/media\/1410"}],"wp:attachment":[{"href":"https:\/\/propacifico.org\/en\/wp-json\/wp\/v2\/media?parent=1405"}],"wp:term":[{"taxonomy":"category","embeddable":true,"href":"https:\/\/propacifico.org\/en\/wp-json\/wp\/v2\/categories?post=1405"},{"taxonomy":"post_tag","embeddable":true,"href":"https:\/\/propacifico.org\/en\/wp-json\/wp\/v2\/tags?post=1405"}],"curies":[{"name":"wp","href":"https:\/\/api.w.org\/{rel}","templated":true}]}}