{"id":1390,"date":"2024-07-17T16:22:06","date_gmt":"2024-07-17T21:22:06","guid":{"rendered":"https:\/\/propacifico.org\/?p=1390"},"modified":"2024-07-17T16:22:08","modified_gmt":"2024-07-17T21:22:08","slug":"si-hay-avances-en-los-proyectos-que-estan-en-ejecucion-en-el-valle-del-cauca","status":"publish","type":"post","link":"https:\/\/propacifico.org\/en\/blog\/si-hay-avances-en-los-proyectos-que-estan-en-ejecucion-en-el-valle-del-cauca\/","title":{"rendered":"S\u00ed hay avances"},"content":{"rendered":"<p>Muchas veces no le damos importancia al camino que hemos recorrido ni a lo mucho que hemos avanzado y preferimos quedarnos con lo que nos falta. Tampoco nos tomamos el tiempo para reconocer los triunfos intermedios ni las victorias tempranas, sino que nos quedamos, casi como una adicci\u00f3n, en todo lo que falta, gastando energ\u00eda en buscar culpables y en echar culpas.&nbsp;<strong>Esto ocurre en la vida en general, pero tambi\u00e9n en asuntos regionales, en especial en los relacionados con los grandes proyectos de infraestructura estrat\u00e9gica.<\/strong><\/p>\n\n\n\n<p>No pretendo que estemos completamente felices cuando hay proyectos que han estado parados por a\u00f1os como la Mulal\u00f3-Loboguerrero y menos que nos olvidemos de lo que falta, como el cierre de la estructuraci\u00f3n y financiaci\u00f3n del dragado de profundizaci\u00f3n de Buenaventura, pero s\u00ed que reconozcamos y celebremos el camino recorrido y los proyectos que est\u00e1n en ejecuci\u00f3n como la concesi\u00f3n 5G Nueva Malla vial del Valle que presenta un avance del 10%, con obras tan importantes como la prolongaci\u00f3n de la Av. Ciudad de Cali hasta Jamund\u00ed.<\/p>\n\n\n\n<p>Es un hecho que este tipo de proyectos tardan para ser una realidad y requieren fases de prefactibilidad y factibilidad, por lo que por a\u00f1os hablamos de ellos y solo despu\u00e9s de mucho tiempo vemos su ejecuci\u00f3n. Esto sin contar con las complejidades propias de nuestra normatividad que hist\u00f3ricamente han hecho que tarden mucho m\u00e1s que en otros pa\u00edses, como por ejemplo el licenciamiento ambiental, las consultas o constantes cambios en la reglamentaci\u00f3n.<\/p>\n\n\n\n<p><strong>Sin embargo, es importante ver con algo de perspectiva lo que ha pasado en la historia reciente de nuestra regi\u00f3n.<\/strong>&nbsp;En los \u00faltimos 8 a\u00f1os, de 10 proyectos priorizados el Tren de Cercan\u00edas, el Aeropuerto Alfonso Bonilla Arag\u00f3n y la v\u00eda Pasto - Popay\u00e1n han pasado de fases de prefactibilidad a factibilidad y ya est\u00e1n listos para aprobaci\u00f3n y apertura de licitaci\u00f3n. As\u00ed mismo, varios proyectos como la doble calzada Buga- Buenaventura, la V\u00eda 4G Santander de Quilichao - Popay\u00e1n y la Nueva Malla Vial est\u00e1n hoy en ejecuci\u00f3n, generando empleos directos e indirectos.<\/p>\n\n\n\n<p>Esto ha sido el resultado del trabajo colaborativo, riguroso y preciso entre la Gobernaci\u00f3n, alcald\u00edas, Bloque Parlamentario, gremios y ProPac\u00edfico. Sin duda falta mucho y son muchas las \u2018peleas\u2019 que a\u00fan debemos dar, pero lo claro es que nuestra regi\u00f3n tiene dos grandes proyectos en ejecuci\u00f3n que traer\u00e1n no solo competitividad, sino empleo y activaci\u00f3n econ\u00f3mica. Tambi\u00e9n importante resaltar que hoy, a diferencia de hace algunos a\u00f1os, tenemos proyectos listos para competir por recursos del Gobierno Nacional como el Tren de Cercan\u00edas y esto es un paso gigante que hace que veamos con ilusi\u00f3n el futuro.<\/p>\n\n\n\n<p><strong>Debemos seguir trabajando de manera conjunta para lograr recursos para nuestra regi\u00f3n, sin olvidarnos del camino recorrido ni de lo que hemos logrado hasta hoy.\u00a0<\/strong>Esto debe sacarnos una sonrisa de satisfacci\u00f3n y nos obliga a seguir trabajando por el desarrollo de nuestro Valle del Cauca sin se\u00f1alamientos y s\u00ed con mucho trabajo conjunto.<\/p>\n\n\n\n<p>Tomado de<a href=\"https:\/\/www.elpais.com.co\/opinion\/columnistas\/si-hay-avances-1634.html\"> elpa\u00eds.com<\/a><\/p>","protected":false},"excerpt":{"rendered":"<p>Tambi\u00e9n importante resaltar que hoy, a diferencia de hace algunos a\u00f1os, tenemos proyectos listos para competir por recursos del Gobierno Nacional.<\/p>","protected":false},"author":2,"featured_media":1392,"comment_status":"open","ping_status":"open","sticky":false,"template":"","format":"standard","meta":{"footnotes":""},"categories":[12,127,1,11,79],"tags":[33,45,80,31,63,24],"yoast_head":"<!-- This site is optimized with the Yoast SEO plugin v20.13 - https:\/\/yoast.com\/wordpress\/plugins\/seo\/ -->\n<title>S\u00ed hay avances - ProPacifico<\/title>\n<meta name=\"description\" content=\"Maria Isabel Ulloa en El Pa\u00eds Cali habla sobre los avances en los proyectos que est\u00e1n en ejecuci\u00f3n en el Valle del Cauca\" \/>\n<meta name=\"robots\" content=\"index, follow, max-snippet:-1, max-image-preview:large, max-video-preview:-1\" \/>\n<link rel=\"canonical\" href=\"https:\/\/propacifico.org\/en\/blog\/si-hay-avances-en-los-proyectos-que-estan-en-ejecucion-en-el-valle-del-cauca\/\" \/>\n<meta property=\"og:locale\" content=\"en_US\" \/>\n<meta property=\"og:type\" content=\"article\" \/>\n<meta property=\"og:title\" content=\"S\u00ed hay avances - ProPacifico\" \/>\n<meta property=\"og:description\" content=\"Maria Isabel Ulloa en El Pa\u00eds Cali habla sobre los avances en los proyectos que est\u00e1n en ejecuci\u00f3n en el Valle del Cauca\" \/>\n<meta property=\"og:url\" content=\"https:\/\/propacifico.org\/en\/blog\/si-hay-avances-en-los-proyectos-que-estan-en-ejecucion-en-el-valle-del-cauca\/\" \/>\n<meta property=\"og:site_name\" content=\"ProPacifico\" \/>\n<meta property=\"article:published_time\" content=\"2024-07-17T21:22:06+00:00\" \/>\n<meta property=\"article:modified_time\" content=\"2024-07-17T21:22:08+00:00\" \/>\n<meta property=\"og:image\" content=\"https:\/\/propacifico.org\/wp-content\/uploads\/2024\/07\/2.doblecalzadabugabuenaventura-scaled.jpg\" \/>\n\t<meta property=\"og:image:width\" content=\"2560\" \/>\n\t<meta property=\"og:image:height\" content=\"1705\" \/>\n\t<meta property=\"og:image:type\" content=\"image\/jpeg\" \/>\n<meta name=\"author\" content=\"Maria Isabel Ulloa\" \/>\n<meta name=\"twitter:card\" content=\"summary_large_image\" \/>\n<meta name=\"twitter:label1\" content=\"Written by\" \/>\n\t<meta name=\"twitter:data1\" content=\"Maria Isabel Ulloa\" \/>\n\t<meta name=\"twitter:label2\" content=\"Est. reading time\" \/>\n\t<meta name=\"twitter:data2\" content=\"3 minutes\" \/>\n<script type=\"application\/ld+json\" class=\"yoast-schema-graph\">{\"@context\":\"https:\/\/schema.org\",\"@graph\":[{\"@type\":\"WebPage\",\"@id\":\"https:\/\/propacifico.org\/blog\/si-hay-avances-en-los-proyectos-que-estan-en-ejecucion-en-el-valle-del-cauca\/\",\"url\":\"https:\/\/propacifico.org\/blog\/si-hay-avances-en-los-proyectos-que-estan-en-ejecucion-en-el-valle-del-cauca\/\",\"name\":\"S\u00ed hay avances - ProPacifico\",\"isPartOf\":{\"@id\":\"https:\/\/propacifico.org\/#website\"},\"datePublished\":\"2024-07-17T21:22:06+00:00\",\"dateModified\":\"2024-07-17T21:22:08+00:00\",\"author\":{\"@id\":\"https:\/\/propacifico.org\/#\/schema\/person\/52034457a07dd6e248685033a4743838\"},\"description\":\"Maria Isabel Ulloa en El Pa\u00eds Cali habla sobre los avances en los proyectos que est\u00e1n en ejecuci\u00f3n en el Valle del Cauca\",\"breadcrumb\":{\"@id\":\"https:\/\/propacifico.org\/blog\/si-hay-avances-en-los-proyectos-que-estan-en-ejecucion-en-el-valle-del-cauca\/#breadcrumb\"},\"inLanguage\":\"en-US\",\"potentialAction\":[{\"@type\":\"ReadAction\",\"target\":[\"https:\/\/propacifico.org\/blog\/si-hay-avances-en-los-proyectos-que-estan-en-ejecucion-en-el-valle-del-cauca\/\"]}]},{\"@type\":\"BreadcrumbList\",\"@id\":\"https:\/\/propacifico.org\/blog\/si-hay-avances-en-los-proyectos-que-estan-en-ejecucion-en-el-valle-del-cauca\/#breadcrumb\",\"itemListElement\":[{\"@type\":\"ListItem\",\"position\":1,\"name\":\"Portada\",\"item\":\"https:\/\/propacifico.org\/\"},{\"@type\":\"ListItem\",\"position\":2,\"name\":\"S\u00ed hay avances\"}]},{\"@type\":\"WebSite\",\"@id\":\"https:\/\/propacifico.org\/#website\",\"url\":\"https:\/\/propacifico.org\/\",\"name\":\"ProPacifico\",\"description\":\"Somos una organizaci\u00f3n privada, sin \u00e1nimo de lucro, independiente y apol\u00edtica que trabaja en pro del desarrollo sostenible de la Regi\u00f3n Pac\u00edfico\",\"potentialAction\":[{\"@type\":\"SearchAction\",\"target\":{\"@type\":\"EntryPoint\",\"urlTemplate\":\"https:\/\/propacifico.org\/?s={search_term_string}\"},\"query-input\":\"required name=search_term_string\"}],\"inLanguage\":\"en-US\"},{\"@type\":\"Person\",\"@id\":\"https:\/\/propacifico.org\/#\/schema\/person\/52034457a07dd6e248685033a4743838\",\"name\":\"Maria Isabel Ulloa\",\"image\":{\"@type\":\"ImageObject\",\"inLanguage\":\"en-US\",\"@id\":\"https:\/\/propacifico.org\/#\/schema\/person\/image\/\",\"url\":\"https:\/\/secure.gravatar.com\/avatar\/f5893d2d06b6e6bc047b8767a66c428f?s=96&d=mm&r=g\",\"contentUrl\":\"https:\/\/secure.gravatar.com\/avatar\/f5893d2d06b6e6bc047b8767a66c428f?s=96&d=mm&r=g\",\"caption\":\"Maria Isabel Ulloa\"},\"url\":\"https:\/\/propacifico.org\/en\/blog\/author\/maria_isabel_ulloa\/\"}]}<\/script>\n<!-- \/ Yoast SEO plugin. -->","yoast_head_json":{"title":"S\u00ed hay avances - ProPacifico","description":"Maria Isabel Ulloa en El Pa\u00eds Cali habla sobre los avances en los proyectos que est\u00e1n en ejecuci\u00f3n en el Valle del Cauca","robots":{"index":"index","follow":"follow","max-snippet":"max-snippet:-1","max-image-preview":"max-image-preview:large","max-video-preview":"max-video-preview:-1"},"canonical":"https:\/\/propacifico.org\/en\/blog\/si-hay-avances-en-los-proyectos-que-estan-en-ejecucion-en-el-valle-del-cauca\/","og_locale":"en_US","og_type":"article","og_title":"S\u00ed hay avances - ProPacifico","og_description":"Maria Isabel Ulloa en El Pa\u00eds Cali habla sobre los avances en los proyectos que est\u00e1n en ejecuci\u00f3n en el Valle del Cauca","og_url":"https:\/\/propacifico.org\/en\/blog\/si-hay-avances-en-los-proyectos-que-estan-en-ejecucion-en-el-valle-del-cauca\/","og_site_name":"ProPacifico","article_published_time":"2024-07-17T21:22:06+00:00","article_modified_time":"2024-07-17T21:22:08+00:00","og_image":[{"width":2560,"height":1705,"url":"https:\/\/propacifico.org\/wp-content\/uploads\/2024\/07\/2.doblecalzadabugabuenaventura-scaled.jpg","type":"image\/jpeg"}],"author":"Maria Isabel Ulloa","twitter_card":"summary_large_image","twitter_misc":{"Written by":"Maria Isabel Ulloa","Est. reading time":"3 minutes"},"schema":{"@context":"https:\/\/schema.org","@graph":[{"@type":"WebPage","@id":"https:\/\/propacifico.org\/blog\/si-hay-avances-en-los-proyectos-que-estan-en-ejecucion-en-el-valle-del-cauca\/","url":"https:\/\/propacifico.org\/blog\/si-hay-avances-en-los-proyectos-que-estan-en-ejecucion-en-el-valle-del-cauca\/","name":"S\u00ed hay avances - ProPacifico","isPartOf":{"@id":"https:\/\/propacifico.org\/#website"},"datePublished":"2024-07-17T21:22:06+00:00","dateModified":"2024-07-17T21:22:08+00:00","author":{"@id":"https:\/\/propacifico.org\/#\/schema\/person\/52034457a07dd6e248685033a4743838"},"description":"Maria Isabel Ulloa en El Pa\u00eds Cali habla sobre los avances en los proyectos que est\u00e1n en ejecuci\u00f3n en el Valle del Cauca","breadcrumb":{"@id":"https:\/\/propacifico.org\/blog\/si-hay-avances-en-los-proyectos-que-estan-en-ejecucion-en-el-valle-del-cauca\/#breadcrumb"},"inLanguage":"en-US","potentialAction":[{"@type":"ReadAction","target":["https:\/\/propacifico.org\/blog\/si-hay-avances-en-los-proyectos-que-estan-en-ejecucion-en-el-valle-del-cauca\/"]}]},{"@type":"BreadcrumbList","@id":"https:\/\/propacifico.org\/blog\/si-hay-avances-en-los-proyectos-que-estan-en-ejecucion-en-el-valle-del-cauca\/#breadcrumb","itemListElement":[{"@type":"ListItem","position":1,"name":"Portada","item":"https:\/\/propacifico.org\/"},{"@type":"ListItem","position":2,"name":"S\u00ed hay avances"}]},{"@type":"WebSite","@id":"https:\/\/propacifico.org\/#website","url":"https:\/\/propacifico.org\/","name":"ProPacifico","description":"Somos una organizaci\u00f3n privada, sin \u00e1nimo de lucro, independiente y apol\u00edtica que trabaja en pro del desarrollo sostenible de la Regi\u00f3n Pac\u00edfico","potentialAction":[{"@type":"SearchAction","target":{"@type":"EntryPoint","urlTemplate":"https:\/\/propacifico.org\/?s={search_term_string}"},"query-input":"required name=search_term_string"}],"inLanguage":"en-US"},{"@type":"Person","@id":"https:\/\/propacifico.org\/#\/schema\/person\/52034457a07dd6e248685033a4743838","name":"Maria Isabel Ulloa","image":{"@type":"ImageObject","inLanguage":"en-US","@id":"https:\/\/propacifico.org\/#\/schema\/person\/image\/","url":"https:\/\/secure.gravatar.com\/avatar\/f5893d2d06b6e6bc047b8767a66c428f?s=96&d=mm&r=g","contentUrl":"https:\/\/secure.gravatar.com\/avatar\/f5893d2d06b6e6bc047b8767a66c428f?s=96&d=mm&r=g","caption":"Maria Isabel Ulloa"},"url":"https:\/\/propacifico.org\/en\/blog\/author\/maria_isabel_ulloa\/"}]}},"_links":{"self":[{"href":"https:\/\/propacifico.org\/en\/wp-json\/wp\/v2\/posts\/1390"}],"collection":[{"href":"https:\/\/propacifico.org\/en\/wp-json\/wp\/v2\/posts"}],"about":[{"href":"https:\/\/propacifico.org\/en\/wp-json\/wp\/v2\/types\/post"}],"author":[{"embeddable":true,"href":"https:\/\/propacifico.org\/en\/wp-json\/wp\/v2\/users\/2"}],"replies":[{"embeddable":true,"href":"https:\/\/propacifico.org\/en\/wp-json\/wp\/v2\/comments?post=1390"}],"version-history":[{"count":1,"href":"https:\/\/propacifico.org\/en\/wp-json\/wp\/v2\/posts\/1390\/revisions"}],"predecessor-version":[{"id":1391,"href":"https:\/\/propacifico.org\/en\/wp-json\/wp\/v2\/posts\/1390\/revisions\/1391"}],"wp:featuredmedia":[{"embeddable":true,"href":"https:\/\/propacifico.org\/en\/wp-json\/wp\/v2\/media\/1392"}],"wp:attachment":[{"href":"https:\/\/propacifico.org\/en\/wp-json\/wp\/v2\/media?parent=1390"}],"wp:term":[{"taxonomy":"category","embeddable":true,"href":"https:\/\/propacifico.org\/en\/wp-json\/wp\/v2\/categories?post=1390"},{"taxonomy":"post_tag","embeddable":true,"href":"https:\/\/propacifico.org\/en\/wp-json\/wp\/v2\/tags?post=1390"}],"curies":[{"name":"wp","href":"https:\/\/api.w.org\/{rel}","templated":true}]}}