{"id":1384,"date":"2024-07-09T08:27:38","date_gmt":"2024-07-09T13:27:38","guid":{"rendered":"https:\/\/propacifico.org\/?p=1384"},"modified":"2024-07-09T08:27:39","modified_gmt":"2024-07-09T13:27:39","slug":"la-conformacion-del-area-metropolitana-del-suroccidente-de-colombia","status":"publish","type":"post","link":"https:\/\/propacifico.org\/en\/blog\/la-conformacion-del-area-metropolitana-del-suroccidente-de-colombia\/","title":{"rendered":"\u00c1rea metropolitana"},"content":{"rendered":"<p>El 24 de noviembre de este a\u00f1o se llevar\u00e1 a cabo la consulta popular en la cual los ciudadanos de los municipios de Dagua, Cali, Candelaria, Jamund\u00ed, Palmira, Puerto Tejada y Villa Rica manifestaremos nuestra opini\u00f3n sobre la conformaci\u00f3n del \u00e1rea metropolitana del suroccidente de Colombia.<\/p>\n\n\n\n<p>Las \u00e1reas metropolitanas son internacionalmente reconocidas como una figura de asociatividad que les permite a los entes territoriales responder de una manera m\u00e1s efectiva y eficiente a los retos comunes que enfrentan. En ese sentido, son varios los argumentos para concluir la necesidad de constituir un \u00e1rea metropolitana entre varios municipios del Valle e incluso el norte del Cauca.<\/p>\n\n\n\n<p>El primero y m\u00e1s evidente es la movilidad. La conurbaci\u00f3n y din\u00e1micas ciudadanas entre Cali, Candelaria, Jamund\u00ed, Palmira y Yumbo hacen que sea dif\u00edcil seguir pensando la movilidad entre estos municipios sin coordinaci\u00f3n. Para entender la magnitud del asunto, entre estos municipios se hacen m\u00e1s de 4,3 millones de viajes diarios, de estos m\u00e1s de 200 mil son intermunicipales, y buena parte de ellos son de p\u00e9sima calidad y con costos excesivos para los ciudadanos.<\/p>\n\n\n\n<p>El segundo es la seguridad: hoy en d\u00eda estamos luchando contra bandas criminales transnacionales que operan en buena parte del suroccidente, por lo cual, el reto exige una mirada y coordinaci\u00f3n metropolitana para integrar esfuerzos, gestionar y usar de manera m\u00e1s eficiente y potente los recursos. Operativos conjuntos, tecnolog\u00eda compartida, an\u00e1lisis integrado y gesti\u00f3n colectiva son algunas de las ideas que en otras regiones han ayudado a mitigar los graves problemas de seguridad que nos afectan. Los municipios y el departamento no pueden seguir dando respuestas individuales a problemas regionales<\/p>\n\n\n\n<p>Por \u00faltimo, debemos hablar del cuidado del medio ambiente y la gesti\u00f3n del riesgo. Un buen ejemplo es la recuperaci\u00f3n de la cuenca alta del R\u00edo Cauca, la cual requiere de gestiones conjuntas para facilitar la implementaci\u00f3n de proyectos que generen un impacto en mejorar su calidad. Como ejemplo de ello tenemos los planes de descontaminaci\u00f3n, la restauraci\u00f3n de las franjas forestales protectoras y la recuperaci\u00f3n de corredores de biodiversidad. Son estos frentes de acci\u00f3n que requieren la acci\u00f3n colectiva de varios municipios.<\/p>\n\n\n\n<p>Es una l\u00e1stima que Yumbo no est\u00e9 en el proyecto que aprob\u00f3 el Congreso, pues de aprobarse as\u00ed por los ciudadanos, nuestra \u00e1rea metropolitana arrancar\u00eda coja. Aunque votar\u00e9 a favor de la constituci\u00f3n del \u00e1rea metropolitana, es lamentable que no se hayan dado las condiciones para Yumbo hiciera parte desde el primer momento. En los \u00faltimos planes de desarrollo se han incluido proyectos regionales que demuestran las din\u00e1micas compartidas entre este y los dem\u00e1s municipios que comprende la aglomeraci\u00f3n suroccidental. Sin embargo, teniendo claro que esto ha sido un avance, lleg\u00f3 el momento de crear la institucionalidad necesaria que refleje la realidad de quienes vivimos en esta parte del pa\u00eds.<\/p>\n\n\n\n<p>No se puede ver esta decisi\u00f3n solo en t\u00e9rminos de poder pol\u00edtico o capacidad fiscal. Si bien el ser metropolitanos hace que se entreguen algunas competencias, lo real es que la coordinaci\u00f3n y eficiencia hace que los mandatarios sean m\u00e1s efectivos y que por ende, que los ciudadanos podamos vivir mejor.<\/p>\n\n\n\n<p>Tomado de <a href=\"https:\/\/www.elpais.com.co\/opinion\/columnistas\/area-metropolitana-0205.html\">elpais.com<\/a><\/p>","protected":false},"excerpt":{"rendered":"<p>Aunque votar\u00e9 a favor de la constituci\u00f3n del \u00e1rea metropolitana, es lamentable que no se hayan dado las condiciones para Yumbo hiciera parte desde el primer momento<\/p>","protected":false},"author":2,"featured_media":1388,"comment_status":"open","ping_status":"open","sticky":false,"template":"","format":"standard","meta":{"footnotes":""},"categories":[11,79,13,126,10],"tags":[33,135,45,31,24],"yoast_head":"<!-- This site is optimized with the Yoast SEO plugin v20.13 - https:\/\/yoast.com\/wordpress\/plugins\/seo\/ -->\n<title>\u00c1rea metropolitana - ProPacifico<\/title>\n<meta name=\"description\" content=\"Maria Isabel Ulloa en El Pa\u00eds Cali habla sobre la conformaci\u00f3n del \u00e1rea metropolitana del suroccidente de Colombia.\" \/>\n<meta name=\"robots\" content=\"index, follow, max-snippet:-1, max-image-preview:large, max-video-preview:-1\" \/>\n<link rel=\"canonical\" href=\"https:\/\/propacifico.org\/en\/blog\/la-conformacion-del-area-metropolitana-del-suroccidente-de-colombia\/\" \/>\n<meta property=\"og:locale\" content=\"en_US\" \/>\n<meta property=\"og:type\" content=\"article\" \/>\n<meta property=\"og:title\" content=\"\u00c1rea metropolitana - ProPacifico\" \/>\n<meta property=\"og:description\" content=\"Maria Isabel Ulloa en El Pa\u00eds Cali habla sobre la conformaci\u00f3n del \u00e1rea metropolitana del suroccidente de Colombia.\" \/>\n<meta property=\"og:url\" content=\"https:\/\/propacifico.org\/en\/blog\/la-conformacion-del-area-metropolitana-del-suroccidente-de-colombia\/\" \/>\n<meta property=\"og:site_name\" content=\"ProPacifico\" \/>\n<meta property=\"article:published_time\" content=\"2024-07-09T13:27:38+00:00\" \/>\n<meta property=\"article:modified_time\" content=\"2024-07-09T13:27:39+00:00\" \/>\n<meta property=\"og:image\" content=\"https:\/\/propacifico.org\/wp-content\/uploads\/2024\/07\/img-6017.jpg\" \/>\n\t<meta property=\"og:image:width\" content=\"1600\" \/>\n\t<meta property=\"og:image:height\" content=\"900\" \/>\n\t<meta property=\"og:image:type\" content=\"image\/jpeg\" \/>\n<meta name=\"author\" content=\"Maria Isabel Ulloa\" \/>\n<meta name=\"twitter:card\" content=\"summary_large_image\" \/>\n<meta name=\"twitter:label1\" content=\"Written by\" \/>\n\t<meta name=\"twitter:data1\" content=\"Maria Isabel Ulloa\" \/>\n\t<meta name=\"twitter:label2\" content=\"Est. reading time\" \/>\n\t<meta name=\"twitter:data2\" content=\"3 minutes\" \/>\n<script type=\"application\/ld+json\" class=\"yoast-schema-graph\">{\"@context\":\"https:\/\/schema.org\",\"@graph\":[{\"@type\":\"WebPage\",\"@id\":\"https:\/\/propacifico.org\/blog\/la-conformacion-del-area-metropolitana-del-suroccidente-de-colombia\/\",\"url\":\"https:\/\/propacifico.org\/blog\/la-conformacion-del-area-metropolitana-del-suroccidente-de-colombia\/\",\"name\":\"\u00c1rea metropolitana - ProPacifico\",\"isPartOf\":{\"@id\":\"https:\/\/propacifico.org\/#website\"},\"datePublished\":\"2024-07-09T13:27:38+00:00\",\"dateModified\":\"2024-07-09T13:27:39+00:00\",\"author\":{\"@id\":\"https:\/\/propacifico.org\/#\/schema\/person\/52034457a07dd6e248685033a4743838\"},\"description\":\"Maria Isabel Ulloa en El Pa\u00eds Cali habla sobre la conformaci\u00f3n del \u00e1rea metropolitana del suroccidente de Colombia.\",\"breadcrumb\":{\"@id\":\"https:\/\/propacifico.org\/blog\/la-conformacion-del-area-metropolitana-del-suroccidente-de-colombia\/#breadcrumb\"},\"inLanguage\":\"en-US\",\"potentialAction\":[{\"@type\":\"ReadAction\",\"target\":[\"https:\/\/propacifico.org\/blog\/la-conformacion-del-area-metropolitana-del-suroccidente-de-colombia\/\"]}]},{\"@type\":\"BreadcrumbList\",\"@id\":\"https:\/\/propacifico.org\/blog\/la-conformacion-del-area-metropolitana-del-suroccidente-de-colombia\/#breadcrumb\",\"itemListElement\":[{\"@type\":\"ListItem\",\"position\":1,\"name\":\"Portada\",\"item\":\"https:\/\/propacifico.org\/\"},{\"@type\":\"ListItem\",\"position\":2,\"name\":\"\u00c1rea metropolitana\"}]},{\"@type\":\"WebSite\",\"@id\":\"https:\/\/propacifico.org\/#website\",\"url\":\"https:\/\/propacifico.org\/\",\"name\":\"ProPacifico\",\"description\":\"Somos una organizaci\u00f3n privada, sin \u00e1nimo de lucro, independiente y apol\u00edtica que trabaja en pro del desarrollo sostenible de la Regi\u00f3n Pac\u00edfico\",\"potentialAction\":[{\"@type\":\"SearchAction\",\"target\":{\"@type\":\"EntryPoint\",\"urlTemplate\":\"https:\/\/propacifico.org\/?s={search_term_string}\"},\"query-input\":\"required name=search_term_string\"}],\"inLanguage\":\"en-US\"},{\"@type\":\"Person\",\"@id\":\"https:\/\/propacifico.org\/#\/schema\/person\/52034457a07dd6e248685033a4743838\",\"name\":\"Maria Isabel Ulloa\",\"image\":{\"@type\":\"ImageObject\",\"inLanguage\":\"en-US\",\"@id\":\"https:\/\/propacifico.org\/#\/schema\/person\/image\/\",\"url\":\"https:\/\/secure.gravatar.com\/avatar\/f5893d2d06b6e6bc047b8767a66c428f?s=96&d=mm&r=g\",\"contentUrl\":\"https:\/\/secure.gravatar.com\/avatar\/f5893d2d06b6e6bc047b8767a66c428f?s=96&d=mm&r=g\",\"caption\":\"Maria Isabel Ulloa\"},\"url\":\"https:\/\/propacifico.org\/en\/blog\/author\/maria_isabel_ulloa\/\"}]}<\/script>\n<!-- \/ Yoast SEO plugin. -->","yoast_head_json":{"title":"\u00c1rea metropolitana - ProPacifico","description":"Maria Isabel Ulloa en El Pa\u00eds Cali habla sobre la conformaci\u00f3n del \u00e1rea metropolitana del suroccidente de Colombia.","robots":{"index":"index","follow":"follow","max-snippet":"max-snippet:-1","max-image-preview":"max-image-preview:large","max-video-preview":"max-video-preview:-1"},"canonical":"https:\/\/propacifico.org\/en\/blog\/la-conformacion-del-area-metropolitana-del-suroccidente-de-colombia\/","og_locale":"en_US","og_type":"article","og_title":"\u00c1rea metropolitana - ProPacifico","og_description":"Maria Isabel Ulloa en El Pa\u00eds Cali habla sobre la conformaci\u00f3n del \u00e1rea metropolitana del suroccidente de Colombia.","og_url":"https:\/\/propacifico.org\/en\/blog\/la-conformacion-del-area-metropolitana-del-suroccidente-de-colombia\/","og_site_name":"ProPacifico","article_published_time":"2024-07-09T13:27:38+00:00","article_modified_time":"2024-07-09T13:27:39+00:00","og_image":[{"width":1600,"height":900,"url":"https:\/\/propacifico.org\/wp-content\/uploads\/2024\/07\/img-6017.jpg","type":"image\/jpeg"}],"author":"Maria Isabel Ulloa","twitter_card":"summary_large_image","twitter_misc":{"Written by":"Maria Isabel Ulloa","Est. reading time":"3 minutes"},"schema":{"@context":"https:\/\/schema.org","@graph":[{"@type":"WebPage","@id":"https:\/\/propacifico.org\/blog\/la-conformacion-del-area-metropolitana-del-suroccidente-de-colombia\/","url":"https:\/\/propacifico.org\/blog\/la-conformacion-del-area-metropolitana-del-suroccidente-de-colombia\/","name":"\u00c1rea metropolitana - ProPacifico","isPartOf":{"@id":"https:\/\/propacifico.org\/#website"},"datePublished":"2024-07-09T13:27:38+00:00","dateModified":"2024-07-09T13:27:39+00:00","author":{"@id":"https:\/\/propacifico.org\/#\/schema\/person\/52034457a07dd6e248685033a4743838"},"description":"Maria Isabel Ulloa en El Pa\u00eds Cali habla sobre la conformaci\u00f3n del \u00e1rea metropolitana del suroccidente de Colombia.","breadcrumb":{"@id":"https:\/\/propacifico.org\/blog\/la-conformacion-del-area-metropolitana-del-suroccidente-de-colombia\/#breadcrumb"},"inLanguage":"en-US","potentialAction":[{"@type":"ReadAction","target":["https:\/\/propacifico.org\/blog\/la-conformacion-del-area-metropolitana-del-suroccidente-de-colombia\/"]}]},{"@type":"BreadcrumbList","@id":"https:\/\/propacifico.org\/blog\/la-conformacion-del-area-metropolitana-del-suroccidente-de-colombia\/#breadcrumb","itemListElement":[{"@type":"ListItem","position":1,"name":"Portada","item":"https:\/\/propacifico.org\/"},{"@type":"ListItem","position":2,"name":"\u00c1rea metropolitana"}]},{"@type":"WebSite","@id":"https:\/\/propacifico.org\/#website","url":"https:\/\/propacifico.org\/","name":"ProPacifico","description":"Somos una organizaci\u00f3n privada, sin \u00e1nimo de lucro, independiente y apol\u00edtica que trabaja en pro del desarrollo sostenible de la Regi\u00f3n Pac\u00edfico","potentialAction":[{"@type":"SearchAction","target":{"@type":"EntryPoint","urlTemplate":"https:\/\/propacifico.org\/?s={search_term_string}"},"query-input":"required name=search_term_string"}],"inLanguage":"en-US"},{"@type":"Person","@id":"https:\/\/propacifico.org\/#\/schema\/person\/52034457a07dd6e248685033a4743838","name":"Maria Isabel Ulloa","image":{"@type":"ImageObject","inLanguage":"en-US","@id":"https:\/\/propacifico.org\/#\/schema\/person\/image\/","url":"https:\/\/secure.gravatar.com\/avatar\/f5893d2d06b6e6bc047b8767a66c428f?s=96&d=mm&r=g","contentUrl":"https:\/\/secure.gravatar.com\/avatar\/f5893d2d06b6e6bc047b8767a66c428f?s=96&d=mm&r=g","caption":"Maria Isabel Ulloa"},"url":"https:\/\/propacifico.org\/en\/blog\/author\/maria_isabel_ulloa\/"}]}},"_links":{"self":[{"href":"https:\/\/propacifico.org\/en\/wp-json\/wp\/v2\/posts\/1384"}],"collection":[{"href":"https:\/\/propacifico.org\/en\/wp-json\/wp\/v2\/posts"}],"about":[{"href":"https:\/\/propacifico.org\/en\/wp-json\/wp\/v2\/types\/post"}],"author":[{"embeddable":true,"href":"https:\/\/propacifico.org\/en\/wp-json\/wp\/v2\/users\/2"}],"replies":[{"embeddable":true,"href":"https:\/\/propacifico.org\/en\/wp-json\/wp\/v2\/comments?post=1384"}],"version-history":[{"count":1,"href":"https:\/\/propacifico.org\/en\/wp-json\/wp\/v2\/posts\/1384\/revisions"}],"predecessor-version":[{"id":1386,"href":"https:\/\/propacifico.org\/en\/wp-json\/wp\/v2\/posts\/1384\/revisions\/1386"}],"wp:featuredmedia":[{"embeddable":true,"href":"https:\/\/propacifico.org\/en\/wp-json\/wp\/v2\/media\/1388"}],"wp:attachment":[{"href":"https:\/\/propacifico.org\/en\/wp-json\/wp\/v2\/media?parent=1384"}],"wp:term":[{"taxonomy":"category","embeddable":true,"href":"https:\/\/propacifico.org\/en\/wp-json\/wp\/v2\/categories?post=1384"},{"taxonomy":"post_tag","embeddable":true,"href":"https:\/\/propacifico.org\/en\/wp-json\/wp\/v2\/tags?post=1384"}],"curies":[{"name":"wp","href":"https:\/\/api.w.org\/{rel}","templated":true}]}}