{"id":1348,"date":"2024-06-21T09:55:12","date_gmt":"2024-06-21T14:55:12","guid":{"rendered":"https:\/\/propacifico.org\/?p=1348"},"modified":"2024-06-21T14:26:38","modified_gmt":"2024-06-21T19:26:38","slug":"alcaldia-de-cali-le-apuesta-al-fortalecimiento-del-mio","status":"publish","type":"post","link":"https:\/\/propacifico.org\/en\/blog\/alcaldia-de-cali-le-apuesta-al-fortalecimiento-del-mio\/","title":{"rendered":"Alcald\u00eda de Cali le apuesta a la recuperaci\u00f3n y fortalecimiento del MIO\u00a0"},"content":{"rendered":"<ul>\n<li>El Transporte P\u00fablico es un servicio esencial para el desarrollo organizado de Cali y fortalecer al MIO es clave para este prop\u00f3sito, fue un punto en com\u00fan entre todos los panelistas que participaron en el evento \u201cMIO como eje estructurante de la movilidad en Cali\u201d&nbsp;<\/li>\n<\/ul>\n\n\n\n<ul>\n<li>La recuperaci\u00f3n, fortalecimiento y sostenibilidad del SITM \u2013MIO son prioridad para la alcald\u00eda de Cali, para ello se busca la integraci\u00f3n del MIO con el Transporte P\u00fablico Colectivo ese fue el mensaje que dieron tanto el alcalde de Cali, como el presidente de Metrocali.&nbsp;<\/li>\n<\/ul>\n\n\n\n<ul>\n<li>Para poder implementar esta integraci\u00f3n es necesario acabar con el paralelismo entre el MIO y el Transporte P\u00fablico Colectivo y que este pueda pasar a alimentar el MIO como el eje estructurante de la movilidad en Cali.&nbsp;&nbsp;<\/li>\n<\/ul>\n\n\n\n<p>En el foro \u201cEl MIO como eje estructurante de la movilidad en Cali\u201d se dieron cita actores clave en el funcionamiento del Sistema de Transporte Masivo de la ciudad con el prop\u00f3sito de motivar una\u202fconstrucci\u00f3n colectiva de soluciones en torno a los retos de la movilidad urbana en Cali y el fortalecimiento y recuperaci\u00f3n del Sistema de Transporte MIO.&nbsp;<\/p>\n\n\n\n<p>La sostenibilidad financiera, cobertura, costos de operaci\u00f3n, integraci\u00f3n tarifaria, beneficios sociales del transporte p\u00fablico y el transporte informal, entre otros, son algunos de los temas que inciden en las dificultades del MIO y que se discutieron en el foro.&nbsp;<\/p>\n\n\n\n<p>Despu\u00e9s de una breve introducci\u00f3n a cargo de Mar\u00eda Isabel Ulloa, directora ejecutiva de ProPac\u00edfico y Luis Fernando P\u00e9rez presidente de la C\u00e1mara de Comercio de Cali, donde se\u00f1alaron lo clave que es el servicio de transporte para los ciudadanos. Alcalde de Cali Alejandro Eder comparti\u00f3 la visi\u00f3n de la administraci\u00f3n respecto a la movilidad en Cali y la importancia del SITM-MIO.&nbsp;<\/p>\n\n\n\n<p>En su intervenci\u00f3n el alcalde resalt\u00f3 que el fortalecimiento del MIO es clave, por eso vienen avanzando en el fortalecimiento de fuentes de financiaci\u00f3n existentes como las infracciones de tr\u00e1nsito, la construcci\u00f3n de la Estaci\u00f3n Central, la integraci\u00f3n de las guales con el MIO y la expansi\u00f3n del servicio del Masivo a Acopi en Yumbo y Jamund\u00ed, con el fin de reducir los costos de viaje de los ciudadanos que se desplacen desde Cali a estas zonas.&nbsp;&nbsp;<\/p>\n\n\n\n<p>Seguidamente, Juan Manuel Guzm\u00e1n, subsecretario de Servicios de Movilidad resalt\u00f3 la importancia de contar con una movilidad sostenible en la que el uso del transporte p\u00fablico sea predominante sobre el veh\u00edculo privado o la moto, afirmando que esto requiere del fortalecimiento del MIO.&nbsp;&nbsp;<\/p>\n\n\n\n<p>Por su parte \u00c1lvaro Rengifo, presidente de Metrocali, present\u00f3 el plan de recuperaci\u00f3n planteado desde la entidad, el cual contempla\u202fla implementaci\u00f3n del SITP,\u202fun\u202fSistema\u202fIntegrado de Transporte P\u00fablico que estar\u00e1 conformado por el SITM-MIO como eje estructurante y otros Sistemas de Transporte Complementario, como el Transporte P\u00fablico Colectivo.&nbsp;&nbsp;<\/p>\n\n\n\n<p>\u201cLa liberaci\u00f3n de componentes de inversi\u00f3n de capital de la tarifa, incrementar la demanda reduciendo la competencia y propender por la tronco alimentaci\u00f3n, son parte de las acciones que estamos planteando desde la entidad,\u202fpero\u202fes un plan que requiere un pacto por el transporte p\u00fablico\u202fcon la participaci\u00f3n de diversos\u202factores\u201d, manifest\u00f3 el presidente de Metrocali.&nbsp;&nbsp;<\/p>\n\n\n\n<p>Sumando perspectivas a la conversaci\u00f3n, en un panel moderado por la directora ejecutiva de ProPac\u00edfico, Mar\u00eda Isabel Ulloa, expresaron sus puntos de vista el gerente de Blanco y Negro, Eduardo Bellini, el\u202fgerente de Coomoepal, Ramiro Jurado, el director del Departamento de Ingenier\u00eda Civil y Ambiental de la Universidad de los Andes, Juan Pablo Bocarejo y la oficial senior de inversiones del IFC para Am\u00e9rica Latina, Anais Julienne.&nbsp;<\/p>\n\n\n\n<p>El gerente de Blanco y Negro manifest\u00f3 la importancia del MIO para la ciudad y la voluntad de que este se integre con el Transporte P\u00fablico Colectivo para mejorar la eficiencia del sistema y brindar un mejor servicio al ciudadano. Por su parte Ramiro Jurado, gerente de Coomoepal se\u00f1alo que el fortalecimiento de del MIO es clave para la ciudad pero que solo ve\u00eda posible una complementariedad si los equipos del TPC eran adquiridos por el Estado, se\u00f1alando que no ve\u00eda posible una integraci\u00f3n operacional, administrativo y tarifaria&nbsp;<\/p>\n\n\n\n<p>Seguidamente, Juan Pablo Bocarejo de la Universidad de los Andes fue enf\u00e1tico en que los beneficios de los sistemas de transporte no se pueden analizar \u00fanicamente desde la perspectiva financiera, sino que deben considerar todos los beneficios amplios que tienen para las ciudades y Anais Julienne del IFC resalt\u00f3 los mecanismos de financiaci\u00f3n disponibles para la implementaci\u00f3n de estrategias que le apuntes a la sostenibilidad del sistema, trabajo que vienen adelantando con la alcald\u00eda de Cali.&nbsp;&nbsp;<\/p>\n\n\n\n<p>Finalmente, la directora ejecutiva de ProPac\u00edfico Mar\u00eda Isabel Ulloa resalt\u00f3 que para la recuperaci\u00f3n del MIO \u201cnecesitamos una voluntad pol\u00edtica\u202fclara\u202fdesde la administraci\u00f3n y m\u00e1s all\u00e1 de eso, es necesario convertirlo en una pol\u00edtica\u202fp\u00fablica\u202fde ciudad. Esto implica tener un plan\u202fm\u00e1s amplio que sea liderado desde la Secretar\u00eda de Movilidad\u202fde Cali.\u201d&nbsp;<\/p>\n\n\n\n<p>El llamado final\u202fes\u202fa\u202fhacer un esfuerzo mancomunado\u202fentre m\u00faltiples actores, avanzar hacia la integraci\u00f3n y multimodalidad\u202fy\u202ftener un plan de varios niveles para enfrentar la complejidad en la viabilidad del sistema.\u202f&nbsp;<\/p>\n\n\n\n<p>Video foro <a href=\"https:\/\/www.instagram.com\/p\/C7pFaMFAMb7\/\">\u201cEl MIO como eje estructurante de la movilidad en Cali\u201d<\/a><\/p>\n\n\n\n<p>\u202f&nbsp;<\/p>\n\n\n\n<figure class=\"wp-block-gallery has-nested-images columns-default is-cropped wp-block-gallery-1 is-layout-flex wp-block-gallery-is-layout-flex\">\n<figure class=\"wp-block-image size-large\"><img decoding=\"async\" loading=\"lazy\" width=\"1024\" height=\"819\" data-id=\"1366\" src=\"https:\/\/propacifico.org\/wp-content\/uploads\/2024\/06\/whatsapp-image-2024-06-21-at-9.15.12-am-1024x819.jpeg\" alt=\"\" class=\"wp-image-1366\" srcset=\"https:\/\/propacifico.org\/wp-content\/uploads\/2024\/06\/whatsapp-image-2024-06-21-at-9.15.12-am-1024x819.jpeg 1024w, https:\/\/propacifico.org\/wp-content\/uploads\/2024\/06\/whatsapp-image-2024-06-21-at-9.15.12-am-300x240.jpeg 300w, https:\/\/propacifico.org\/wp-content\/uploads\/2024\/06\/whatsapp-image-2024-06-21-at-9.15.12-am-768x614.jpeg 768w, https:\/\/propacifico.org\/wp-content\/uploads\/2024\/06\/whatsapp-image-2024-06-21-at-9.15.12-am-15x12.jpeg 15w, https:\/\/propacifico.org\/wp-content\/uploads\/2024\/06\/whatsapp-image-2024-06-21-at-9.15.12-am.jpeg 1179w\" sizes=\"(max-width: 1024px) 100vw, 1024px\" \/><\/figure>\n\n\n\n<figure class=\"wp-block-image size-large\"><img decoding=\"async\" loading=\"lazy\" width=\"1024\" height=\"819\" data-id=\"1365\" src=\"https:\/\/propacifico.org\/wp-content\/uploads\/2024\/06\/whatsapp-image-2024-06-21-at-9.15.14-am-1024x819.jpeg\" alt=\"\" class=\"wp-image-1365\" srcset=\"https:\/\/propacifico.org\/wp-content\/uploads\/2024\/06\/whatsapp-image-2024-06-21-at-9.15.14-am-1024x819.jpeg 1024w, https:\/\/propacifico.org\/wp-content\/uploads\/2024\/06\/whatsapp-image-2024-06-21-at-9.15.14-am-300x240.jpeg 300w, https:\/\/propacifico.org\/wp-content\/uploads\/2024\/06\/whatsapp-image-2024-06-21-at-9.15.14-am-768x614.jpeg 768w, https:\/\/propacifico.org\/wp-content\/uploads\/2024\/06\/whatsapp-image-2024-06-21-at-9.15.14-am-1536x1229.jpeg 1536w, https:\/\/propacifico.org\/wp-content\/uploads\/2024\/06\/whatsapp-image-2024-06-21-at-9.15.14-am-15x12.jpeg 15w, https:\/\/propacifico.org\/wp-content\/uploads\/2024\/06\/whatsapp-image-2024-06-21-at-9.15.14-am.jpeg 1600w\" sizes=\"(max-width: 1024px) 100vw, 1024px\" \/><\/figure>\n\n\n\n<figure class=\"wp-block-image size-large\"><img decoding=\"async\" loading=\"lazy\" width=\"960\" height=\"768\" data-id=\"1364\" src=\"https:\/\/propacifico.org\/wp-content\/uploads\/2024\/06\/whatsapp-image-2024-06-21-at-9.15.14-am-1.jpeg\" alt=\"\" class=\"wp-image-1364\" srcset=\"https:\/\/propacifico.org\/wp-content\/uploads\/2024\/06\/whatsapp-image-2024-06-21-at-9.15.14-am-1.jpeg 960w, https:\/\/propacifico.org\/wp-content\/uploads\/2024\/06\/whatsapp-image-2024-06-21-at-9.15.14-am-1-300x240.jpeg 300w, https:\/\/propacifico.org\/wp-content\/uploads\/2024\/06\/whatsapp-image-2024-06-21-at-9.15.14-am-1-768x614.jpeg 768w, https:\/\/propacifico.org\/wp-content\/uploads\/2024\/06\/whatsapp-image-2024-06-21-at-9.15.14-am-1-15x12.jpeg 15w\" sizes=\"(max-width: 960px) 100vw, 960px\" \/><\/figure>\n\n\n\n<figure class=\"wp-block-image size-large\"><img decoding=\"async\" loading=\"lazy\" width=\"960\" height=\"768\" data-id=\"1363\" src=\"https:\/\/propacifico.org\/wp-content\/uploads\/2024\/06\/whatsapp-image-2024-06-21-at-9.15.14-am-2.jpeg\" alt=\"\" class=\"wp-image-1363\" srcset=\"https:\/\/propacifico.org\/wp-content\/uploads\/2024\/06\/whatsapp-image-2024-06-21-at-9.15.14-am-2.jpeg 960w, https:\/\/propacifico.org\/wp-content\/uploads\/2024\/06\/whatsapp-image-2024-06-21-at-9.15.14-am-2-300x240.jpeg 300w, https:\/\/propacifico.org\/wp-content\/uploads\/2024\/06\/whatsapp-image-2024-06-21-at-9.15.14-am-2-768x614.jpeg 768w, https:\/\/propacifico.org\/wp-content\/uploads\/2024\/06\/whatsapp-image-2024-06-21-at-9.15.14-am-2-15x12.jpeg 15w\" sizes=\"(max-width: 960px) 100vw, 960px\" \/><\/figure>\n\n\n\n<figure class=\"wp-block-image size-large\"><img decoding=\"async\" loading=\"lazy\" width=\"960\" height=\"768\" data-id=\"1362\" src=\"https:\/\/propacifico.org\/wp-content\/uploads\/2024\/06\/whatsapp-image-2024-06-21-at-9.15.14-am-3.jpeg\" alt=\"\" class=\"wp-image-1362\" srcset=\"https:\/\/propacifico.org\/wp-content\/uploads\/2024\/06\/whatsapp-image-2024-06-21-at-9.15.14-am-3.jpeg 960w, https:\/\/propacifico.org\/wp-content\/uploads\/2024\/06\/whatsapp-image-2024-06-21-at-9.15.14-am-3-300x240.jpeg 300w, https:\/\/propacifico.org\/wp-content\/uploads\/2024\/06\/whatsapp-image-2024-06-21-at-9.15.14-am-3-768x614.jpeg 768w, https:\/\/propacifico.org\/wp-content\/uploads\/2024\/06\/whatsapp-image-2024-06-21-at-9.15.14-am-3-15x12.jpeg 15w\" sizes=\"(max-width: 960px) 100vw, 960px\" \/><\/figure>\n\n\n\n<figure class=\"wp-block-image size-large\"><img decoding=\"async\" loading=\"lazy\" width=\"960\" height=\"768\" data-id=\"1357\" src=\"https:\/\/propacifico.org\/wp-content\/uploads\/2024\/06\/whatsapp-image-2024-06-21-at-9.15.17-am.jpeg\" alt=\"\" class=\"wp-image-1357\" srcset=\"https:\/\/propacifico.org\/wp-content\/uploads\/2024\/06\/whatsapp-image-2024-06-21-at-9.15.17-am.jpeg 960w, https:\/\/propacifico.org\/wp-content\/uploads\/2024\/06\/whatsapp-image-2024-06-21-at-9.15.17-am-300x240.jpeg 300w, https:\/\/propacifico.org\/wp-content\/uploads\/2024\/06\/whatsapp-image-2024-06-21-at-9.15.17-am-768x614.jpeg 768w, https:\/\/propacifico.org\/wp-content\/uploads\/2024\/06\/whatsapp-image-2024-06-21-at-9.15.17-am-15x12.jpeg 15w\" sizes=\"(max-width: 960px) 100vw, 960px\" \/><\/figure>\n\n\n\n<figure class=\"wp-block-image size-large\"><img decoding=\"async\" loading=\"lazy\" width=\"960\" height=\"768\" data-id=\"1358\" src=\"https:\/\/propacifico.org\/wp-content\/uploads\/2024\/06\/whatsapp-image-2024-06-21-at-9.15.16-am-1.jpeg\" alt=\"\" class=\"wp-image-1358\" srcset=\"https:\/\/propacifico.org\/wp-content\/uploads\/2024\/06\/whatsapp-image-2024-06-21-at-9.15.16-am-1.jpeg 960w, https:\/\/propacifico.org\/wp-content\/uploads\/2024\/06\/whatsapp-image-2024-06-21-at-9.15.16-am-1-300x240.jpeg 300w, https:\/\/propacifico.org\/wp-content\/uploads\/2024\/06\/whatsapp-image-2024-06-21-at-9.15.16-am-1-768x614.jpeg 768w, https:\/\/propacifico.org\/wp-content\/uploads\/2024\/06\/whatsapp-image-2024-06-21-at-9.15.16-am-1-15x12.jpeg 15w\" sizes=\"(max-width: 960px) 100vw, 960px\" \/><\/figure>\n\n\n\n<figure class=\"wp-block-image size-large\"><img decoding=\"async\" loading=\"lazy\" width=\"960\" height=\"768\" data-id=\"1359\" src=\"https:\/\/propacifico.org\/wp-content\/uploads\/2024\/06\/whatsapp-image-2024-06-21-at-9.15.16-am.jpeg\" alt=\"\" class=\"wp-image-1359\" srcset=\"https:\/\/propacifico.org\/wp-content\/uploads\/2024\/06\/whatsapp-image-2024-06-21-at-9.15.16-am.jpeg 960w, https:\/\/propacifico.org\/wp-content\/uploads\/2024\/06\/whatsapp-image-2024-06-21-at-9.15.16-am-300x240.jpeg 300w, https:\/\/propacifico.org\/wp-content\/uploads\/2024\/06\/whatsapp-image-2024-06-21-at-9.15.16-am-768x614.jpeg 768w, https:\/\/propacifico.org\/wp-content\/uploads\/2024\/06\/whatsapp-image-2024-06-21-at-9.15.16-am-15x12.jpeg 15w\" sizes=\"(max-width: 960px) 100vw, 960px\" \/><\/figure>\n\n\n\n<figure class=\"wp-block-image size-large\"><img decoding=\"async\" loading=\"lazy\" width=\"960\" height=\"768\" data-id=\"1360\" src=\"https:\/\/propacifico.org\/wp-content\/uploads\/2024\/06\/whatsapp-image-2024-06-21-at-9.15.15-am-1.jpeg\" alt=\"\" class=\"wp-image-1360\" srcset=\"https:\/\/propacifico.org\/wp-content\/uploads\/2024\/06\/whatsapp-image-2024-06-21-at-9.15.15-am-1.jpeg 960w, https:\/\/propacifico.org\/wp-content\/uploads\/2024\/06\/whatsapp-image-2024-06-21-at-9.15.15-am-1-300x240.jpeg 300w, https:\/\/propacifico.org\/wp-content\/uploads\/2024\/06\/whatsapp-image-2024-06-21-at-9.15.15-am-1-768x614.jpeg 768w, https:\/\/propacifico.org\/wp-content\/uploads\/2024\/06\/whatsapp-image-2024-06-21-at-9.15.15-am-1-15x12.jpeg 15w\" sizes=\"(max-width: 960px) 100vw, 960px\" \/><\/figure>\n\n\n\n<figure class=\"wp-block-image size-large\"><img decoding=\"async\" loading=\"lazy\" width=\"960\" height=\"768\" data-id=\"1361\" src=\"https:\/\/propacifico.org\/wp-content\/uploads\/2024\/06\/whatsapp-image-2024-06-21-at-9.15.15-am.jpeg\" alt=\"\" class=\"wp-image-1361\" srcset=\"https:\/\/propacifico.org\/wp-content\/uploads\/2024\/06\/whatsapp-image-2024-06-21-at-9.15.15-am.jpeg 960w, https:\/\/propacifico.org\/wp-content\/uploads\/2024\/06\/whatsapp-image-2024-06-21-at-9.15.15-am-300x240.jpeg 300w, https:\/\/propacifico.org\/wp-content\/uploads\/2024\/06\/whatsapp-image-2024-06-21-at-9.15.15-am-768x614.jpeg 768w, https:\/\/propacifico.org\/wp-content\/uploads\/2024\/06\/whatsapp-image-2024-06-21-at-9.15.15-am-15x12.jpeg 15w\" sizes=\"(max-width: 960px) 100vw, 960px\" \/><\/figure>\n\n\n\n<figure class=\"wp-block-image size-large\"><img decoding=\"async\" loading=\"lazy\" width=\"908\" height=\"726\" data-id=\"1354\" src=\"https:\/\/propacifico.org\/wp-content\/uploads\/2024\/06\/whatsapp-image-2024-06-21-at-9.15.18-am-1.jpeg\" alt=\"\" class=\"wp-image-1354\" srcset=\"https:\/\/propacifico.org\/wp-content\/uploads\/2024\/06\/whatsapp-image-2024-06-21-at-9.15.18-am-1.jpeg 908w, https:\/\/propacifico.org\/wp-content\/uploads\/2024\/06\/whatsapp-image-2024-06-21-at-9.15.18-am-1-300x240.jpeg 300w, https:\/\/propacifico.org\/wp-content\/uploads\/2024\/06\/whatsapp-image-2024-06-21-at-9.15.18-am-1-768x614.jpeg 768w, https:\/\/propacifico.org\/wp-content\/uploads\/2024\/06\/whatsapp-image-2024-06-21-at-9.15.18-am-1-15x12.jpeg 15w\" sizes=\"(max-width: 908px) 100vw, 908px\" \/><\/figure>\n\n\n\n<figure class=\"wp-block-image size-large\"><img decoding=\"async\" loading=\"lazy\" width=\"912\" height=\"730\" data-id=\"1355\" src=\"https:\/\/propacifico.org\/wp-content\/uploads\/2024\/06\/whatsapp-image-2024-06-21-at-9.15.18-am.jpeg\" alt=\"\" class=\"wp-image-1355\" srcset=\"https:\/\/propacifico.org\/wp-content\/uploads\/2024\/06\/whatsapp-image-2024-06-21-at-9.15.18-am.jpeg 912w, https:\/\/propacifico.org\/wp-content\/uploads\/2024\/06\/whatsapp-image-2024-06-21-at-9.15.18-am-300x240.jpeg 300w, https:\/\/propacifico.org\/wp-content\/uploads\/2024\/06\/whatsapp-image-2024-06-21-at-9.15.18-am-768x615.jpeg 768w, https:\/\/propacifico.org\/wp-content\/uploads\/2024\/06\/whatsapp-image-2024-06-21-at-9.15.18-am-15x12.jpeg 15w\" sizes=\"(max-width: 912px) 100vw, 912px\" \/><\/figure>\n\n\n\n<figure class=\"wp-block-image size-large\"><img decoding=\"async\" loading=\"lazy\" width=\"960\" height=\"768\" data-id=\"1356\" src=\"https:\/\/propacifico.org\/wp-content\/uploads\/2024\/06\/whatsapp-image-2024-06-21-at-9.15.17-am-1.jpeg\" alt=\"\" class=\"wp-image-1356\" srcset=\"https:\/\/propacifico.org\/wp-content\/uploads\/2024\/06\/whatsapp-image-2024-06-21-at-9.15.17-am-1.jpeg 960w, https:\/\/propacifico.org\/wp-content\/uploads\/2024\/06\/whatsapp-image-2024-06-21-at-9.15.17-am-1-300x240.jpeg 300w, https:\/\/propacifico.org\/wp-content\/uploads\/2024\/06\/whatsapp-image-2024-06-21-at-9.15.17-am-1-768x614.jpeg 768w, https:\/\/propacifico.org\/wp-content\/uploads\/2024\/06\/whatsapp-image-2024-06-21-at-9.15.17-am-1-15x12.jpeg 15w\" sizes=\"(max-width: 960px) 100vw, 960px\" \/><\/figure>\n<\/figure>","protected":false},"excerpt":{"rendered":"<p>Para poder implementar esta integraci\u00f3n es necesario acabar con el paralelismo entre el MIO y el Transporte P\u00fablico Colectivo y que este pueda pasar a alimentar el MIO como el eje estructurante de la movilidad en Cali.\u00a0\u00a0<\/p>","protected":false},"author":8,"featured_media":1353,"comment_status":"open","ping_status":"open","sticky":false,"template":"","format":"standard","meta":{"footnotes":""},"categories":[11,79],"tags":[33,45,81,80,31,63],"yoast_head":"<!-- This site is optimized with the Yoast SEO plugin v20.13 - https:\/\/yoast.com\/wordpress\/plugins\/seo\/ -->\n<title>Alcald\u00eda de Cali le apuesta a la recuperaci\u00f3n y fortalecimiento del MIO\u00a0 - ProPacifico<\/title>\n<meta name=\"description\" content=\"En el foro \u201cEl MIO como eje estructurante de la movilidad en Cali\u201d se discuti\u00f3 sobre el fortalecimiento del MIO en la ciudad de Cali.\" \/>\n<meta name=\"robots\" content=\"index, follow, max-snippet:-1, max-image-preview:large, max-video-preview:-1\" \/>\n<link rel=\"canonical\" href=\"https:\/\/propacifico.org\/en\/blog\/alcaldia-de-cali-le-apuesta-al-fortalecimiento-del-mio\/\" \/>\n<meta property=\"og:locale\" content=\"en_US\" \/>\n<meta property=\"og:type\" content=\"article\" \/>\n<meta property=\"og:title\" content=\"Alcald\u00eda de Cali le apuesta a la recuperaci\u00f3n y fortalecimiento del MIO\u00a0 - ProPacifico\" \/>\n<meta property=\"og:description\" content=\"En el foro \u201cEl MIO como eje estructurante de la movilidad en Cali\u201d se discuti\u00f3 sobre el fortalecimiento del MIO en la ciudad de Cali.\" \/>\n<meta property=\"og:url\" content=\"https:\/\/propacifico.org\/en\/blog\/alcaldia-de-cali-le-apuesta-al-fortalecimiento-del-mio\/\" \/>\n<meta property=\"og:site_name\" content=\"ProPacifico\" \/>\n<meta property=\"article:published_time\" content=\"2024-06-21T14:55:12+00:00\" \/>\n<meta property=\"article:modified_time\" content=\"2024-06-21T19:26:38+00:00\" \/>\n<meta property=\"og:image\" content=\"https:\/\/propacifico.org\/wp-content\/uploads\/2024\/06\/whatsapp-image-2024-06-21-at-9.15.56-am.jpeg\" \/>\n\t<meta property=\"og:image:width\" content=\"1600\" \/>\n\t<meta property=\"og:image:height\" content=\"1059\" \/>\n\t<meta property=\"og:image:type\" content=\"image\/jpeg\" \/>\n<meta name=\"author\" content=\"Propacifico\" \/>\n<meta name=\"twitter:card\" content=\"summary_large_image\" \/>\n<meta name=\"twitter:label1\" content=\"Written by\" \/>\n\t<meta name=\"twitter:data1\" content=\"Propacifico\" \/>\n\t<meta name=\"twitter:label2\" content=\"Est. reading time\" \/>\n\t<meta name=\"twitter:data2\" content=\"7 minutes\" \/>\n<script type=\"application\/ld+json\" class=\"yoast-schema-graph\">{\"@context\":\"https:\/\/schema.org\",\"@graph\":[{\"@type\":\"WebPage\",\"@id\":\"https:\/\/propacifico.org\/blog\/alcaldia-de-cali-le-apuesta-al-fortalecimiento-del-mio\/\",\"url\":\"https:\/\/propacifico.org\/blog\/alcaldia-de-cali-le-apuesta-al-fortalecimiento-del-mio\/\",\"name\":\"Alcald\u00eda de Cali le apuesta a la recuperaci\u00f3n y fortalecimiento del MIO\u00a0 - ProPacifico\",\"isPartOf\":{\"@id\":\"https:\/\/propacifico.org\/#website\"},\"datePublished\":\"2024-06-21T14:55:12+00:00\",\"dateModified\":\"2024-06-21T19:26:38+00:00\",\"author\":{\"@id\":\"https:\/\/propacifico.org\/#\/schema\/person\/a3472644bd1a96b2e18216fe00a26d8d\"},\"description\":\"En el foro \u201cEl MIO como eje estructurante de la movilidad en Cali\u201d se discuti\u00f3 sobre el fortalecimiento del MIO en la ciudad de Cali.\",\"breadcrumb\":{\"@id\":\"https:\/\/propacifico.org\/blog\/alcaldia-de-cali-le-apuesta-al-fortalecimiento-del-mio\/#breadcrumb\"},\"inLanguage\":\"en-US\",\"potentialAction\":[{\"@type\":\"ReadAction\",\"target\":[\"https:\/\/propacifico.org\/blog\/alcaldia-de-cali-le-apuesta-al-fortalecimiento-del-mio\/\"]}]},{\"@type\":\"BreadcrumbList\",\"@id\":\"https:\/\/propacifico.org\/blog\/alcaldia-de-cali-le-apuesta-al-fortalecimiento-del-mio\/#breadcrumb\",\"itemListElement\":[{\"@type\":\"ListItem\",\"position\":1,\"name\":\"Portada\",\"item\":\"https:\/\/propacifico.org\/\"},{\"@type\":\"ListItem\",\"position\":2,\"name\":\"Alcald\u00eda de Cali le apuesta a la recuperaci\u00f3n y fortalecimiento del MIO\u00a0\"}]},{\"@type\":\"WebSite\",\"@id\":\"https:\/\/propacifico.org\/#website\",\"url\":\"https:\/\/propacifico.org\/\",\"name\":\"ProPacifico\",\"description\":\"Somos una organizaci\u00f3n privada, sin \u00e1nimo de lucro, independiente y apol\u00edtica que trabaja en pro del desarrollo sostenible de la Regi\u00f3n Pac\u00edfico\",\"potentialAction\":[{\"@type\":\"SearchAction\",\"target\":{\"@type\":\"EntryPoint\",\"urlTemplate\":\"https:\/\/propacifico.org\/?s={search_term_string}\"},\"query-input\":\"required name=search_term_string\"}],\"inLanguage\":\"en-US\"},{\"@type\":\"Person\",\"@id\":\"https:\/\/propacifico.org\/#\/schema\/person\/a3472644bd1a96b2e18216fe00a26d8d\",\"name\":\"Propacifico\",\"image\":{\"@type\":\"ImageObject\",\"inLanguage\":\"en-US\",\"@id\":\"https:\/\/propacifico.org\/#\/schema\/person\/image\/\",\"url\":\"https:\/\/secure.gravatar.com\/avatar\/dbfe1d987a6a7cc0157be44900b3eed7?s=96&d=mm&r=g\",\"contentUrl\":\"https:\/\/secure.gravatar.com\/avatar\/dbfe1d987a6a7cc0157be44900b3eed7?s=96&d=mm&r=g\",\"caption\":\"Propacifico\"},\"url\":\"https:\/\/propacifico.org\/en\/blog\/author\/propacifico\/\"}]}<\/script>\n<!-- \/ Yoast SEO plugin. -->","yoast_head_json":{"title":"Alcald\u00eda de Cali le apuesta a la recuperaci\u00f3n y fortalecimiento del MIO\u00a0 - ProPacifico","description":"En el foro \u201cEl MIO como eje estructurante de la movilidad en Cali\u201d se discuti\u00f3 sobre el fortalecimiento del MIO en la ciudad de Cali.","robots":{"index":"index","follow":"follow","max-snippet":"max-snippet:-1","max-image-preview":"max-image-preview:large","max-video-preview":"max-video-preview:-1"},"canonical":"https:\/\/propacifico.org\/en\/blog\/alcaldia-de-cali-le-apuesta-al-fortalecimiento-del-mio\/","og_locale":"en_US","og_type":"article","og_title":"Alcald\u00eda de Cali le apuesta a la recuperaci\u00f3n y fortalecimiento del MIO\u00a0 - ProPacifico","og_description":"En el foro \u201cEl MIO como eje estructurante de la movilidad en Cali\u201d se discuti\u00f3 sobre el fortalecimiento del MIO en la ciudad de Cali.","og_url":"https:\/\/propacifico.org\/en\/blog\/alcaldia-de-cali-le-apuesta-al-fortalecimiento-del-mio\/","og_site_name":"ProPacifico","article_published_time":"2024-06-21T14:55:12+00:00","article_modified_time":"2024-06-21T19:26:38+00:00","og_image":[{"width":1600,"height":1059,"url":"https:\/\/propacifico.org\/wp-content\/uploads\/2024\/06\/whatsapp-image-2024-06-21-at-9.15.56-am.jpeg","type":"image\/jpeg"}],"author":"Propacifico","twitter_card":"summary_large_image","twitter_misc":{"Written by":"Propacifico","Est. reading time":"7 minutes"},"schema":{"@context":"https:\/\/schema.org","@graph":[{"@type":"WebPage","@id":"https:\/\/propacifico.org\/blog\/alcaldia-de-cali-le-apuesta-al-fortalecimiento-del-mio\/","url":"https:\/\/propacifico.org\/blog\/alcaldia-de-cali-le-apuesta-al-fortalecimiento-del-mio\/","name":"Alcald\u00eda de Cali le apuesta a la recuperaci\u00f3n y fortalecimiento del MIO\u00a0 - ProPacifico","isPartOf":{"@id":"https:\/\/propacifico.org\/#website"},"datePublished":"2024-06-21T14:55:12+00:00","dateModified":"2024-06-21T19:26:38+00:00","author":{"@id":"https:\/\/propacifico.org\/#\/schema\/person\/a3472644bd1a96b2e18216fe00a26d8d"},"description":"En el foro \u201cEl MIO como eje estructurante de la movilidad en Cali\u201d se discuti\u00f3 sobre el fortalecimiento del MIO en la ciudad de Cali.","breadcrumb":{"@id":"https:\/\/propacifico.org\/blog\/alcaldia-de-cali-le-apuesta-al-fortalecimiento-del-mio\/#breadcrumb"},"inLanguage":"en-US","potentialAction":[{"@type":"ReadAction","target":["https:\/\/propacifico.org\/blog\/alcaldia-de-cali-le-apuesta-al-fortalecimiento-del-mio\/"]}]},{"@type":"BreadcrumbList","@id":"https:\/\/propacifico.org\/blog\/alcaldia-de-cali-le-apuesta-al-fortalecimiento-del-mio\/#breadcrumb","itemListElement":[{"@type":"ListItem","position":1,"name":"Portada","item":"https:\/\/propacifico.org\/"},{"@type":"ListItem","position":2,"name":"Alcald\u00eda de Cali le apuesta a la recuperaci\u00f3n y fortalecimiento del MIO\u00a0"}]},{"@type":"WebSite","@id":"https:\/\/propacifico.org\/#website","url":"https:\/\/propacifico.org\/","name":"ProPacifico","description":"Somos una organizaci\u00f3n privada, sin \u00e1nimo de lucro, independiente y apol\u00edtica que trabaja en pro del desarrollo sostenible de la Regi\u00f3n Pac\u00edfico","potentialAction":[{"@type":"SearchAction","target":{"@type":"EntryPoint","urlTemplate":"https:\/\/propacifico.org\/?s={search_term_string}"},"query-input":"required name=search_term_string"}],"inLanguage":"en-US"},{"@type":"Person","@id":"https:\/\/propacifico.org\/#\/schema\/person\/a3472644bd1a96b2e18216fe00a26d8d","name":"Propacifico","image":{"@type":"ImageObject","inLanguage":"en-US","@id":"https:\/\/propacifico.org\/#\/schema\/person\/image\/","url":"https:\/\/secure.gravatar.com\/avatar\/dbfe1d987a6a7cc0157be44900b3eed7?s=96&d=mm&r=g","contentUrl":"https:\/\/secure.gravatar.com\/avatar\/dbfe1d987a6a7cc0157be44900b3eed7?s=96&d=mm&r=g","caption":"Propacifico"},"url":"https:\/\/propacifico.org\/en\/blog\/author\/propacifico\/"}]}},"_links":{"self":[{"href":"https:\/\/propacifico.org\/en\/wp-json\/wp\/v2\/posts\/1348"}],"collection":[{"href":"https:\/\/propacifico.org\/en\/wp-json\/wp\/v2\/posts"}],"about":[{"href":"https:\/\/propacifico.org\/en\/wp-json\/wp\/v2\/types\/post"}],"author":[{"embeddable":true,"href":"https:\/\/propacifico.org\/en\/wp-json\/wp\/v2\/users\/8"}],"replies":[{"embeddable":true,"href":"https:\/\/propacifico.org\/en\/wp-json\/wp\/v2\/comments?post=1348"}],"version-history":[{"count":4,"href":"https:\/\/propacifico.org\/en\/wp-json\/wp\/v2\/posts\/1348\/revisions"}],"predecessor-version":[{"id":1380,"href":"https:\/\/propacifico.org\/en\/wp-json\/wp\/v2\/posts\/1348\/revisions\/1380"}],"wp:featuredmedia":[{"embeddable":true,"href":"https:\/\/propacifico.org\/en\/wp-json\/wp\/v2\/media\/1353"}],"wp:attachment":[{"href":"https:\/\/propacifico.org\/en\/wp-json\/wp\/v2\/media?parent=1348"}],"wp:term":[{"taxonomy":"category","embeddable":true,"href":"https:\/\/propacifico.org\/en\/wp-json\/wp\/v2\/categories?post=1348"},{"taxonomy":"post_tag","embeddable":true,"href":"https:\/\/propacifico.org\/en\/wp-json\/wp\/v2\/tags?post=1348"}],"curies":[{"name":"wp","href":"https:\/\/api.w.org\/{rel}","templated":true}]}}