{"id":1343,"date":"2024-06-19T15:27:21","date_gmt":"2024-06-19T20:27:21","guid":{"rendered":"https:\/\/propacifico.org\/?p=1343"},"modified":"2024-06-19T15:27:22","modified_gmt":"2024-06-19T20:27:22","slug":"los-problemas-de-seguridad-en-el-valle-del-cauca-nos-han-alejado-de-la-tranquilidad","status":"publish","type":"post","link":"https:\/\/propacifico.org\/en\/blog\/los-problemas-de-seguridad-en-el-valle-del-cauca-nos-han-alejado-de-la-tranquilidad\/","title":{"rendered":"La seguridad"},"content":{"rendered":"<p>Poder transitar por las calles sin miedo a ser robado, salir o entrar al barrio donde vivimos o a nuestro lugar de trabajo sin pensar en que nuestra integridad est\u00e1 en riesgo son derechos que todos deber\u00edamos disfrutar, sin embargo, en nuestra regi\u00f3n algunos problemas de seguridad se nos han convertido en paisaje y nos han alejado de esa sensaci\u00f3n de tranquilidad. Incluso, a muchos no parece alarmarlos que Cali y Palmira se mantengan entre las 50 ciudades del mundo con m\u00e1s homicidios o que en el Valle del Cauca haya m\u00e1s de 2000 muertes violentas al a\u00f1o.<\/p>\n\n\n\n<p><strong>Es un hecho que la seguridad en el suroccidente colombiano se ha ido deteriorando en los \u00faltimos a\u00f1os, las razones son muchas y sin duda no es solo responsabilidad de este Gobierno Nacional,<\/strong>\u00a0ni de los reci\u00e9n posesionados gobiernos locales. Sin embargo, lo que s\u00ed es claro es que debemos tomar acciones decididas y concretas para frenar esta tendencia y, sobre todo, mejorarla.<\/p>\n\n\n\n<p>Necesitamos que no se use esta situaci\u00f3n para luchas o peleas pol\u00edticas. El problema es lo suficientemente grave como para gastar el tiempo en confrontaciones. As\u00ed mismo, es claro que las soluciones no vienen de un solo actor y que como sociedad debemos unirnos para aportar a la soluci\u00f3n.<\/p>\n\n\n\n<p>Lo primero y fundamental son las acciones del Gobierno Nacional como primera autoridad militar y de polic\u00eda del pa\u00eds. Sin embargo, ac\u00e1 se requiere mucho m\u00e1s que soldados y polic\u00edas, es necesario contar con una mirada estrat\u00e9gica, la presencia permanente del ministro de Defensa y de los altos mandos militares y de polic\u00eda, adem\u00e1s de una intervenci\u00f3n judicial que aporte con investigaci\u00f3n y judicializaci\u00f3n.<\/p>\n\n\n\n<p>A los grupos al margen de la ley se les combate con inteligencia, golpes contundentes de la fuerza p\u00fablica y cero tolerancias con sus acciones criminales. La b\u00fasqueda de la paz debe ser un prop\u00f3sito de todos, pero para lograrlo se requiere de la disposici\u00f3n de todas las partes y en el suroccidente ni las disidencias, ni los otros grupos al margen de la ley han demostrados reales intenciones de hacer la paz.<\/p>\n\n\n\n<p>Por otro lado, se requiere de gobiernos locales decididos a coadyuvar con el gobierno central, aportando recursos que apoyen a la fuerza p\u00fablica y programas de prevenci\u00f3n de la violencia.&nbsp;<strong>De esta situaci\u00f3n no saldremos solo con pie de fuerza y la lucha armada, es de vital importancia generar oportunidades para los j\u00f3venes para poder arrebat\u00e1rselos a los grupos armados.<\/strong>&nbsp;Tambi\u00e9n es importante generar entornos de desarrollo en la ruralidad.<\/p>\n\n\n\n<p>Algo en lo que deber\u00edamos enfocarnos es en involucrar a la ciudadan\u00eda, no como una red de informantes o extensi\u00f3n de la fuerza p\u00fablica, sino como los principales actores que conocen el territorio y saben c\u00f3mo se puede arrebatar a los j\u00f3venes del peligro de ser reclutados. Algunos de estos programas ya se implementan en la regi\u00f3n en el marco de Compromiso Valle, integrando la capacidad del sector privado, p\u00fablico, comunidad y la academia.<\/p>\n\n\n\n<p>En un pa\u00eds donde se ha hecho tanta pol\u00edtica con la guerra y la paz es dif\u00edcil dar estas discusiones, pero no hay nada m\u00e1s social que la seguridad, est\u00e1 en juego el principal derecho que es la vida de los ciudadanos. Tenemos que volver a centrar nuestras fuerzas en lo importante. No hay desarrollo ni prosperidad sin la seguridad, por esto debemos unirnos para darle soluci\u00f3n a este flagelo que parece no tener tregua en esta zona del pa\u00eds.<\/p>\n\n\n\n<p>Tomado de<a href=\"https:\/\/www.elpais.com.co\/opinion\/columnistas\/los-100-dias-0907.html\"> <\/a><a href=\"https:\/\/www.elpais.com.co\/opinion\/columnistas\/ciudades-y-la-movilidad-2136.html\">elpais.co<\/a><a href=\"https:\/\/www.elpais.com.co\/opinion\/columnistas\/la-seguridad-1828.html\">m.co<\/a><\/p>","protected":false},"excerpt":{"rendered":"<p>A muchos no parece alarmarlos que Cali y Palmira se mantengan entre las 50 ciudades del mundo con m\u00e1s homicidios o que en el Valle del Cauca haya m\u00e1s de 2000 muertes violentas al a\u00f1o.<\/p>","protected":false},"author":2,"featured_media":1344,"comment_status":"open","ping_status":"open","sticky":false,"template":"","format":"standard","meta":{"footnotes":""},"categories":[8,127,126,128],"tags":[33,45,31,24],"yoast_head":"<!-- This site is optimized with the Yoast SEO plugin v20.13 - https:\/\/yoast.com\/wordpress\/plugins\/seo\/ -->\n<title>La seguridad - ProPacifico<\/title>\n<meta name=\"description\" content=\"Mar\u00eda Isabel Ulloa en El Pa\u00eds Cali habla sobre como Los problemas de seguridad en el Valle del Cauca nos han alejado de la tranquilidad\" \/>\n<meta name=\"robots\" content=\"index, follow, max-snippet:-1, max-image-preview:large, max-video-preview:-1\" \/>\n<link rel=\"canonical\" href=\"https:\/\/propacifico.org\/en\/blog\/los-problemas-de-seguridad-en-el-valle-del-cauca-nos-han-alejado-de-la-tranquilidad\/\" \/>\n<meta property=\"og:locale\" content=\"en_US\" \/>\n<meta property=\"og:type\" content=\"article\" \/>\n<meta property=\"og:title\" content=\"La seguridad - ProPacifico\" \/>\n<meta property=\"og:description\" content=\"Mar\u00eda Isabel Ulloa en El Pa\u00eds Cali habla sobre como Los problemas de seguridad en el Valle del Cauca nos han alejado de la tranquilidad\" \/>\n<meta property=\"og:url\" content=\"https:\/\/propacifico.org\/en\/blog\/los-problemas-de-seguridad-en-el-valle-del-cauca-nos-han-alejado-de-la-tranquilidad\/\" \/>\n<meta property=\"og:site_name\" content=\"ProPacifico\" \/>\n<meta property=\"article:published_time\" content=\"2024-06-19T20:27:21+00:00\" \/>\n<meta property=\"article:modified_time\" content=\"2024-06-19T20:27:22+00:00\" \/>\n<meta property=\"og:image\" content=\"https:\/\/propacifico.org\/wp-content\/uploads\/2024\/06\/whatsapp-image-2024-06-19-at-12.07.28-pm-scaled.jpeg\" \/>\n\t<meta property=\"og:image:width\" content=\"2560\" \/>\n\t<meta property=\"og:image:height\" content=\"1495\" \/>\n\t<meta property=\"og:image:type\" content=\"image\/jpeg\" \/>\n<meta name=\"author\" content=\"Maria Isabel Ulloa\" \/>\n<meta name=\"twitter:card\" content=\"summary_large_image\" \/>\n<meta name=\"twitter:label1\" content=\"Written by\" \/>\n\t<meta name=\"twitter:data1\" content=\"Maria Isabel Ulloa\" \/>\n\t<meta name=\"twitter:label2\" content=\"Est. reading time\" \/>\n\t<meta name=\"twitter:data2\" content=\"3 minutes\" \/>\n<script type=\"application\/ld+json\" class=\"yoast-schema-graph\">{\"@context\":\"https:\/\/schema.org\",\"@graph\":[{\"@type\":\"WebPage\",\"@id\":\"https:\/\/propacifico.org\/blog\/los-problemas-de-seguridad-en-el-valle-del-cauca-nos-han-alejado-de-la-tranquilidad\/\",\"url\":\"https:\/\/propacifico.org\/blog\/los-problemas-de-seguridad-en-el-valle-del-cauca-nos-han-alejado-de-la-tranquilidad\/\",\"name\":\"La seguridad - ProPacifico\",\"isPartOf\":{\"@id\":\"https:\/\/propacifico.org\/#website\"},\"datePublished\":\"2024-06-19T20:27:21+00:00\",\"dateModified\":\"2024-06-19T20:27:22+00:00\",\"author\":{\"@id\":\"https:\/\/propacifico.org\/#\/schema\/person\/52034457a07dd6e248685033a4743838\"},\"description\":\"Mar\u00eda Isabel Ulloa en El Pa\u00eds Cali habla sobre como Los problemas de seguridad en el Valle del Cauca nos han alejado de la tranquilidad\",\"breadcrumb\":{\"@id\":\"https:\/\/propacifico.org\/blog\/los-problemas-de-seguridad-en-el-valle-del-cauca-nos-han-alejado-de-la-tranquilidad\/#breadcrumb\"},\"inLanguage\":\"en-US\",\"potentialAction\":[{\"@type\":\"ReadAction\",\"target\":[\"https:\/\/propacifico.org\/blog\/los-problemas-de-seguridad-en-el-valle-del-cauca-nos-han-alejado-de-la-tranquilidad\/\"]}]},{\"@type\":\"BreadcrumbList\",\"@id\":\"https:\/\/propacifico.org\/blog\/los-problemas-de-seguridad-en-el-valle-del-cauca-nos-han-alejado-de-la-tranquilidad\/#breadcrumb\",\"itemListElement\":[{\"@type\":\"ListItem\",\"position\":1,\"name\":\"Portada\",\"item\":\"https:\/\/propacifico.org\/\"},{\"@type\":\"ListItem\",\"position\":2,\"name\":\"La seguridad\"}]},{\"@type\":\"WebSite\",\"@id\":\"https:\/\/propacifico.org\/#website\",\"url\":\"https:\/\/propacifico.org\/\",\"name\":\"ProPacifico\",\"description\":\"Somos una organizaci\u00f3n privada, sin \u00e1nimo de lucro, independiente y apol\u00edtica que trabaja en pro del desarrollo sostenible de la Regi\u00f3n Pac\u00edfico\",\"potentialAction\":[{\"@type\":\"SearchAction\",\"target\":{\"@type\":\"EntryPoint\",\"urlTemplate\":\"https:\/\/propacifico.org\/?s={search_term_string}\"},\"query-input\":\"required name=search_term_string\"}],\"inLanguage\":\"en-US\"},{\"@type\":\"Person\",\"@id\":\"https:\/\/propacifico.org\/#\/schema\/person\/52034457a07dd6e248685033a4743838\",\"name\":\"Maria Isabel Ulloa\",\"image\":{\"@type\":\"ImageObject\",\"inLanguage\":\"en-US\",\"@id\":\"https:\/\/propacifico.org\/#\/schema\/person\/image\/\",\"url\":\"https:\/\/secure.gravatar.com\/avatar\/f5893d2d06b6e6bc047b8767a66c428f?s=96&d=mm&r=g\",\"contentUrl\":\"https:\/\/secure.gravatar.com\/avatar\/f5893d2d06b6e6bc047b8767a66c428f?s=96&d=mm&r=g\",\"caption\":\"Maria Isabel Ulloa\"},\"url\":\"https:\/\/propacifico.org\/en\/blog\/author\/maria_isabel_ulloa\/\"}]}<\/script>\n<!-- \/ Yoast SEO plugin. -->","yoast_head_json":{"title":"La seguridad - ProPacifico","description":"Mar\u00eda Isabel Ulloa en El Pa\u00eds Cali habla sobre como Los problemas de seguridad en el Valle del Cauca nos han alejado de la tranquilidad","robots":{"index":"index","follow":"follow","max-snippet":"max-snippet:-1","max-image-preview":"max-image-preview:large","max-video-preview":"max-video-preview:-1"},"canonical":"https:\/\/propacifico.org\/en\/blog\/los-problemas-de-seguridad-en-el-valle-del-cauca-nos-han-alejado-de-la-tranquilidad\/","og_locale":"en_US","og_type":"article","og_title":"La seguridad - ProPacifico","og_description":"Mar\u00eda Isabel Ulloa en El Pa\u00eds Cali habla sobre como Los problemas de seguridad en el Valle del Cauca nos han alejado de la tranquilidad","og_url":"https:\/\/propacifico.org\/en\/blog\/los-problemas-de-seguridad-en-el-valle-del-cauca-nos-han-alejado-de-la-tranquilidad\/","og_site_name":"ProPacifico","article_published_time":"2024-06-19T20:27:21+00:00","article_modified_time":"2024-06-19T20:27:22+00:00","og_image":[{"width":2560,"height":1495,"url":"https:\/\/propacifico.org\/wp-content\/uploads\/2024\/06\/whatsapp-image-2024-06-19-at-12.07.28-pm-scaled.jpeg","type":"image\/jpeg"}],"author":"Maria Isabel Ulloa","twitter_card":"summary_large_image","twitter_misc":{"Written by":"Maria Isabel Ulloa","Est. reading time":"3 minutes"},"schema":{"@context":"https:\/\/schema.org","@graph":[{"@type":"WebPage","@id":"https:\/\/propacifico.org\/blog\/los-problemas-de-seguridad-en-el-valle-del-cauca-nos-han-alejado-de-la-tranquilidad\/","url":"https:\/\/propacifico.org\/blog\/los-problemas-de-seguridad-en-el-valle-del-cauca-nos-han-alejado-de-la-tranquilidad\/","name":"La seguridad - ProPacifico","isPartOf":{"@id":"https:\/\/propacifico.org\/#website"},"datePublished":"2024-06-19T20:27:21+00:00","dateModified":"2024-06-19T20:27:22+00:00","author":{"@id":"https:\/\/propacifico.org\/#\/schema\/person\/52034457a07dd6e248685033a4743838"},"description":"Mar\u00eda Isabel Ulloa en El Pa\u00eds Cali habla sobre como Los problemas de seguridad en el Valle del Cauca nos han alejado de la tranquilidad","breadcrumb":{"@id":"https:\/\/propacifico.org\/blog\/los-problemas-de-seguridad-en-el-valle-del-cauca-nos-han-alejado-de-la-tranquilidad\/#breadcrumb"},"inLanguage":"en-US","potentialAction":[{"@type":"ReadAction","target":["https:\/\/propacifico.org\/blog\/los-problemas-de-seguridad-en-el-valle-del-cauca-nos-han-alejado-de-la-tranquilidad\/"]}]},{"@type":"BreadcrumbList","@id":"https:\/\/propacifico.org\/blog\/los-problemas-de-seguridad-en-el-valle-del-cauca-nos-han-alejado-de-la-tranquilidad\/#breadcrumb","itemListElement":[{"@type":"ListItem","position":1,"name":"Portada","item":"https:\/\/propacifico.org\/"},{"@type":"ListItem","position":2,"name":"La seguridad"}]},{"@type":"WebSite","@id":"https:\/\/propacifico.org\/#website","url":"https:\/\/propacifico.org\/","name":"ProPacifico","description":"Somos una organizaci\u00f3n privada, sin \u00e1nimo de lucro, independiente y apol\u00edtica que trabaja en pro del desarrollo sostenible de la Regi\u00f3n Pac\u00edfico","potentialAction":[{"@type":"SearchAction","target":{"@type":"EntryPoint","urlTemplate":"https:\/\/propacifico.org\/?s={search_term_string}"},"query-input":"required name=search_term_string"}],"inLanguage":"en-US"},{"@type":"Person","@id":"https:\/\/propacifico.org\/#\/schema\/person\/52034457a07dd6e248685033a4743838","name":"Maria Isabel Ulloa","image":{"@type":"ImageObject","inLanguage":"en-US","@id":"https:\/\/propacifico.org\/#\/schema\/person\/image\/","url":"https:\/\/secure.gravatar.com\/avatar\/f5893d2d06b6e6bc047b8767a66c428f?s=96&d=mm&r=g","contentUrl":"https:\/\/secure.gravatar.com\/avatar\/f5893d2d06b6e6bc047b8767a66c428f?s=96&d=mm&r=g","caption":"Maria Isabel Ulloa"},"url":"https:\/\/propacifico.org\/en\/blog\/author\/maria_isabel_ulloa\/"}]}},"_links":{"self":[{"href":"https:\/\/propacifico.org\/en\/wp-json\/wp\/v2\/posts\/1343"}],"collection":[{"href":"https:\/\/propacifico.org\/en\/wp-json\/wp\/v2\/posts"}],"about":[{"href":"https:\/\/propacifico.org\/en\/wp-json\/wp\/v2\/types\/post"}],"author":[{"embeddable":true,"href":"https:\/\/propacifico.org\/en\/wp-json\/wp\/v2\/users\/2"}],"replies":[{"embeddable":true,"href":"https:\/\/propacifico.org\/en\/wp-json\/wp\/v2\/comments?post=1343"}],"version-history":[{"count":1,"href":"https:\/\/propacifico.org\/en\/wp-json\/wp\/v2\/posts\/1343\/revisions"}],"predecessor-version":[{"id":1347,"href":"https:\/\/propacifico.org\/en\/wp-json\/wp\/v2\/posts\/1343\/revisions\/1347"}],"wp:featuredmedia":[{"embeddable":true,"href":"https:\/\/propacifico.org\/en\/wp-json\/wp\/v2\/media\/1344"}],"wp:attachment":[{"href":"https:\/\/propacifico.org\/en\/wp-json\/wp\/v2\/media?parent=1343"}],"wp:term":[{"taxonomy":"category","embeddable":true,"href":"https:\/\/propacifico.org\/en\/wp-json\/wp\/v2\/categories?post=1343"},{"taxonomy":"post_tag","embeddable":true,"href":"https:\/\/propacifico.org\/en\/wp-json\/wp\/v2\/tags?post=1343"}],"curies":[{"name":"wp","href":"https:\/\/api.w.org\/{rel}","templated":true}]}}