{"id":1300,"date":"2024-06-11T11:05:58","date_gmt":"2024-06-11T16:05:58","guid":{"rendered":"https:\/\/propacifico.org\/?p=1300"},"modified":"2024-06-11T11:06:00","modified_gmt":"2024-06-11T16:06:00","slug":"en-las-ciudades-es-fundamental-tener-una-buena-movilidad","status":"publish","type":"post","link":"https:\/\/propacifico.org\/en\/blog\/en-las-ciudades-es-fundamental-tener-una-buena-movilidad\/","title":{"rendered":"Ciudades y la movilidad"},"content":{"rendered":"<p>Tener una buena movilidad en las ciudades es fundamental, no solo porque mejora la calidad de vida de sus habitantes, sino porque las decisiones que se toman en este frente afectan varios otros. Por ejemplo, enfocarnos en el veh\u00edculo particular, carros o motos, como medio de transporte principal, trae consecuencias en la congesti\u00f3n y la afectaci\u00f3n al medio ambiente, sin contar con los riesgos asociados a la salud p\u00fablica por la alta accidentalidad y el aumento de emisiones.<\/p>\n\n\n\n<p><strong>Por estas razones y sobre todo ad portas de ser anfitriones de la COP16 debemos analizar y pensarnos nuestra movilidad de manera integral.\u00a0<\/strong>Esta conversaci\u00f3n no solo es de Cali, ya que la ciudad tiene relaciones funcionales con sus municipios vecinos. La \u00faltima Encuesta de Movilidad origen-destino realizada por Metro Cali, son m\u00e1s de 3,7 millones de viajes dentro y entre Cali, Palmira, Yumbo, Jamund\u00ed y Candelaria.<\/p>\n\n\n\n<p>La conversaci\u00f3n debe girar alrededor de tener una red vial en buen estado a nivel interno, como en los accesos y pasos urbanos. En este sentido, el planteamiento no es acabar con los veh\u00edculos particulares, sino generar una movilidad m\u00e1s eficiente, en la que el transporte p\u00fablico sea el centro de una movilidad urbana sostenible.<\/p>\n\n\n\n<p>Cali tiene el M\u00cdO, los buses colectivos, los camperos que transportan en ladera y esperamos tener prontamente el tren de cercan\u00edas. Pero aun teniendo esto, es evidente que no tenemos un sistema que cumpla con los criterios de confiabilidad y accesibilidad que necesita la ciudad. Los \u00faltimos a\u00f1os, por errores de planeaci\u00f3n y ejecuci\u00f3n del M\u00cdO, nos la hemos pasado en una falsa discusi\u00f3n entre el M\u00cdO y el colectivo, lo que no ha permitido enfocar los esfuerzos y articular a la institucionalidad para garantizar una oferta de transporte p\u00fablico de calidad.&nbsp;<strong>Hemos dejado que la ilegalidad se tome las calles y que la calidad en el transporte y el cuidado del medio ambiente no sean prioridad.<\/strong><\/p>\n\n\n\n<p>Con todo y sus errores, debemos salvar el M\u00cdO. El Gobierno Nacional y el local le han invertido recursos que no pueden botarse a la basura. El M\u00cdO debe ser el eje estructurante de la movilidad y debe integrarse con otros medios de transporte, buscando eficiencia y no competencia.<\/p>\n\n\n\n<p>Para lograrlo, se debe terminar la troncal oriental del M\u00cdO para que el sistema conecte con el oriente, adem\u00e1s de descargar la tarifa t\u00e9cnica de costos innecesarios. La compra de flota es fundamental para hacer la transici\u00f3n a energ\u00edas limpias y ayudar con la sostenibilidad financiera del sistema. Finalmente, se debe configurar c\u00f3mo hacer para que esa integraci\u00f3n sea rentable y eficiente para el M\u00cdO y el transporte colectivo, siempre pensando en el usuario. Sin duda, para que esto funcione se debe trabajar fuertemente en sacar de las calles el transporte ilegal y la Secretar\u00eda de Movilidad tiene un trabajo muy importante en este aspecto.<\/p>\n\n\n\n<p>El M\u00cdO debe mejorar su servicio para que los cale\u00f1os lo vuelvan a considerar como un medio de transporte \u00fatil y efectivo. Para esto las frecuencias y la puntualidad son fundamentales.<strong>&nbsp;Vemos con satisfacci\u00f3n que los Indicadores este a\u00f1o han mejorado, con 294.855 pasajeros promedio d\u00eda h\u00e1bil frente 267.823 en el a\u00f1o 2023. El \u00edndice de puntualidad reporta un 80,9% frente a 73,9% en el 2023.<\/strong><\/p>\n\n\n\n<p>Sin duda, son muchas las discusiones que a\u00fan debemos dar. Por eso, desde ProPac\u00edfico y la C\u00e1mara de Comercio de Cali realizaremos un foro a finales de mes para que sigamos debatiendo, siempre pensando primero en el ciudadano, sin intereses particulares y protegiendo el medio ambiente.<\/p>\n\n\n\n<p>Tomado de<a href=\"https:\/\/www.elpais.com.co\/opinion\/columnistas\/los-100-dias-0907.html\"> <\/a><a href=\"https:\/\/www.elpais.com.co\/opinion\/columnistas\/ciudades-y-la-movilidad-2136.html\">elpais.com.co<\/a><\/p>","protected":false},"excerpt":{"rendered":"<p>Por estas razones y sobre todo ad portas de ser anfitriones de la COP16 debemos analizar y pensarnos nuestra movilidad de manera integral.\u00a0Esta conversaci\u00f3n no solo es de Cali, ya que la ciudad tiene relaciones funcionales con sus municipios vecinos. La \u00faltima Encuesta de Movilidad origen-destino realizada por Metro Cali, son m\u00e1s de 3,7 millones de viajes dentro y entre Cali, Palmira, Yumbo, Jamund\u00ed y Candelaria.<\/p>","protected":false},"author":2,"featured_media":1302,"comment_status":"open","ping_status":"open","sticky":false,"template":"","format":"standard","meta":{"footnotes":""},"categories":[127,1,11,79,128],"tags":[33,45,81,80,31,24],"yoast_head":"<!-- This site is optimized with the Yoast SEO plugin v20.13 - https:\/\/yoast.com\/wordpress\/plugins\/seo\/ -->\n<title>Ciudades y la movilidad - ProPacifico<\/title>\n<meta name=\"description\" content=\"Mar\u00eda Isabel Ulloa en El Pa\u00eds Cali habla sobre la buena movilidad que deben tener las ciudades\" \/>\n<meta name=\"robots\" content=\"index, follow, max-snippet:-1, max-image-preview:large, max-video-preview:-1\" \/>\n<link rel=\"canonical\" href=\"https:\/\/propacifico.org\/en\/blog\/en-las-ciudades-es-fundamental-tener-una-buena-movilidad\/\" \/>\n<meta property=\"og:locale\" content=\"en_US\" \/>\n<meta property=\"og:type\" content=\"article\" \/>\n<meta property=\"og:title\" content=\"Ciudades y la movilidad - ProPacifico\" \/>\n<meta property=\"og:description\" content=\"Mar\u00eda Isabel Ulloa en El Pa\u00eds Cali habla sobre la buena movilidad que deben tener las ciudades\" \/>\n<meta property=\"og:url\" content=\"https:\/\/propacifico.org\/en\/blog\/en-las-ciudades-es-fundamental-tener-una-buena-movilidad\/\" \/>\n<meta property=\"og:site_name\" content=\"ProPacifico\" \/>\n<meta property=\"article:published_time\" content=\"2024-06-11T16:05:58+00:00\" \/>\n<meta property=\"article:modified_time\" content=\"2024-06-11T16:06:00+00:00\" \/>\n<meta property=\"og:image\" content=\"https:\/\/propacifico.org\/wp-content\/uploads\/2024\/06\/whatsapp-image-2024-06-11-at-10.14.12-am.jpeg\" \/>\n\t<meta property=\"og:image:width\" content=\"1600\" \/>\n\t<meta property=\"og:image:height\" content=\"1059\" \/>\n\t<meta property=\"og:image:type\" content=\"image\/jpeg\" \/>\n<meta name=\"author\" content=\"Maria Isabel Ulloa\" \/>\n<meta name=\"twitter:card\" content=\"summary_large_image\" \/>\n<meta name=\"twitter:label1\" content=\"Written by\" \/>\n\t<meta name=\"twitter:data1\" content=\"Maria Isabel Ulloa\" \/>\n\t<meta name=\"twitter:label2\" content=\"Est. reading time\" \/>\n\t<meta name=\"twitter:data2\" content=\"3 minutes\" \/>\n<script type=\"application\/ld+json\" class=\"yoast-schema-graph\">{\"@context\":\"https:\/\/schema.org\",\"@graph\":[{\"@type\":\"WebPage\",\"@id\":\"https:\/\/propacifico.org\/blog\/en-las-ciudades-es-fundamental-tener-una-buena-movilidad\/\",\"url\":\"https:\/\/propacifico.org\/blog\/en-las-ciudades-es-fundamental-tener-una-buena-movilidad\/\",\"name\":\"Ciudades y la movilidad - ProPacifico\",\"isPartOf\":{\"@id\":\"https:\/\/propacifico.org\/#website\"},\"datePublished\":\"2024-06-11T16:05:58+00:00\",\"dateModified\":\"2024-06-11T16:06:00+00:00\",\"author\":{\"@id\":\"https:\/\/propacifico.org\/#\/schema\/person\/52034457a07dd6e248685033a4743838\"},\"description\":\"Mar\u00eda Isabel Ulloa en El Pa\u00eds Cali habla sobre la buena movilidad que deben tener las ciudades\",\"breadcrumb\":{\"@id\":\"https:\/\/propacifico.org\/blog\/en-las-ciudades-es-fundamental-tener-una-buena-movilidad\/#breadcrumb\"},\"inLanguage\":\"en-US\",\"potentialAction\":[{\"@type\":\"ReadAction\",\"target\":[\"https:\/\/propacifico.org\/blog\/en-las-ciudades-es-fundamental-tener-una-buena-movilidad\/\"]}]},{\"@type\":\"BreadcrumbList\",\"@id\":\"https:\/\/propacifico.org\/blog\/en-las-ciudades-es-fundamental-tener-una-buena-movilidad\/#breadcrumb\",\"itemListElement\":[{\"@type\":\"ListItem\",\"position\":1,\"name\":\"Portada\",\"item\":\"https:\/\/propacifico.org\/\"},{\"@type\":\"ListItem\",\"position\":2,\"name\":\"Ciudades y la movilidad\"}]},{\"@type\":\"WebSite\",\"@id\":\"https:\/\/propacifico.org\/#website\",\"url\":\"https:\/\/propacifico.org\/\",\"name\":\"ProPacifico\",\"description\":\"Somos una organizaci\u00f3n privada, sin \u00e1nimo de lucro, independiente y apol\u00edtica que trabaja en pro del desarrollo sostenible de la Regi\u00f3n Pac\u00edfico\",\"potentialAction\":[{\"@type\":\"SearchAction\",\"target\":{\"@type\":\"EntryPoint\",\"urlTemplate\":\"https:\/\/propacifico.org\/?s={search_term_string}\"},\"query-input\":\"required name=search_term_string\"}],\"inLanguage\":\"en-US\"},{\"@type\":\"Person\",\"@id\":\"https:\/\/propacifico.org\/#\/schema\/person\/52034457a07dd6e248685033a4743838\",\"name\":\"Maria Isabel Ulloa\",\"image\":{\"@type\":\"ImageObject\",\"inLanguage\":\"en-US\",\"@id\":\"https:\/\/propacifico.org\/#\/schema\/person\/image\/\",\"url\":\"https:\/\/secure.gravatar.com\/avatar\/f5893d2d06b6e6bc047b8767a66c428f?s=96&d=mm&r=g\",\"contentUrl\":\"https:\/\/secure.gravatar.com\/avatar\/f5893d2d06b6e6bc047b8767a66c428f?s=96&d=mm&r=g\",\"caption\":\"Maria Isabel Ulloa\"},\"url\":\"https:\/\/propacifico.org\/en\/blog\/author\/maria_isabel_ulloa\/\"}]}<\/script>\n<!-- \/ Yoast SEO plugin. -->","yoast_head_json":{"title":"Ciudades y la movilidad - ProPacifico","description":"Mar\u00eda Isabel Ulloa en El Pa\u00eds Cali habla sobre la buena movilidad que deben tener las ciudades","robots":{"index":"index","follow":"follow","max-snippet":"max-snippet:-1","max-image-preview":"max-image-preview:large","max-video-preview":"max-video-preview:-1"},"canonical":"https:\/\/propacifico.org\/en\/blog\/en-las-ciudades-es-fundamental-tener-una-buena-movilidad\/","og_locale":"en_US","og_type":"article","og_title":"Ciudades y la movilidad - ProPacifico","og_description":"Mar\u00eda Isabel Ulloa en El Pa\u00eds Cali habla sobre la buena movilidad que deben tener las ciudades","og_url":"https:\/\/propacifico.org\/en\/blog\/en-las-ciudades-es-fundamental-tener-una-buena-movilidad\/","og_site_name":"ProPacifico","article_published_time":"2024-06-11T16:05:58+00:00","article_modified_time":"2024-06-11T16:06:00+00:00","og_image":[{"width":1600,"height":1059,"url":"https:\/\/propacifico.org\/wp-content\/uploads\/2024\/06\/whatsapp-image-2024-06-11-at-10.14.12-am.jpeg","type":"image\/jpeg"}],"author":"Maria Isabel Ulloa","twitter_card":"summary_large_image","twitter_misc":{"Written by":"Maria Isabel Ulloa","Est. reading time":"3 minutes"},"schema":{"@context":"https:\/\/schema.org","@graph":[{"@type":"WebPage","@id":"https:\/\/propacifico.org\/blog\/en-las-ciudades-es-fundamental-tener-una-buena-movilidad\/","url":"https:\/\/propacifico.org\/blog\/en-las-ciudades-es-fundamental-tener-una-buena-movilidad\/","name":"Ciudades y la movilidad - ProPacifico","isPartOf":{"@id":"https:\/\/propacifico.org\/#website"},"datePublished":"2024-06-11T16:05:58+00:00","dateModified":"2024-06-11T16:06:00+00:00","author":{"@id":"https:\/\/propacifico.org\/#\/schema\/person\/52034457a07dd6e248685033a4743838"},"description":"Mar\u00eda Isabel Ulloa en El Pa\u00eds Cali habla sobre la buena movilidad que deben tener las ciudades","breadcrumb":{"@id":"https:\/\/propacifico.org\/blog\/en-las-ciudades-es-fundamental-tener-una-buena-movilidad\/#breadcrumb"},"inLanguage":"en-US","potentialAction":[{"@type":"ReadAction","target":["https:\/\/propacifico.org\/blog\/en-las-ciudades-es-fundamental-tener-una-buena-movilidad\/"]}]},{"@type":"BreadcrumbList","@id":"https:\/\/propacifico.org\/blog\/en-las-ciudades-es-fundamental-tener-una-buena-movilidad\/#breadcrumb","itemListElement":[{"@type":"ListItem","position":1,"name":"Portada","item":"https:\/\/propacifico.org\/"},{"@type":"ListItem","position":2,"name":"Ciudades y la movilidad"}]},{"@type":"WebSite","@id":"https:\/\/propacifico.org\/#website","url":"https:\/\/propacifico.org\/","name":"ProPacifico","description":"Somos una organizaci\u00f3n privada, sin \u00e1nimo de lucro, independiente y apol\u00edtica que trabaja en pro del desarrollo sostenible de la Regi\u00f3n Pac\u00edfico","potentialAction":[{"@type":"SearchAction","target":{"@type":"EntryPoint","urlTemplate":"https:\/\/propacifico.org\/?s={search_term_string}"},"query-input":"required name=search_term_string"}],"inLanguage":"en-US"},{"@type":"Person","@id":"https:\/\/propacifico.org\/#\/schema\/person\/52034457a07dd6e248685033a4743838","name":"Maria Isabel Ulloa","image":{"@type":"ImageObject","inLanguage":"en-US","@id":"https:\/\/propacifico.org\/#\/schema\/person\/image\/","url":"https:\/\/secure.gravatar.com\/avatar\/f5893d2d06b6e6bc047b8767a66c428f?s=96&d=mm&r=g","contentUrl":"https:\/\/secure.gravatar.com\/avatar\/f5893d2d06b6e6bc047b8767a66c428f?s=96&d=mm&r=g","caption":"Maria Isabel Ulloa"},"url":"https:\/\/propacifico.org\/en\/blog\/author\/maria_isabel_ulloa\/"}]}},"_links":{"self":[{"href":"https:\/\/propacifico.org\/en\/wp-json\/wp\/v2\/posts\/1300"}],"collection":[{"href":"https:\/\/propacifico.org\/en\/wp-json\/wp\/v2\/posts"}],"about":[{"href":"https:\/\/propacifico.org\/en\/wp-json\/wp\/v2\/types\/post"}],"author":[{"embeddable":true,"href":"https:\/\/propacifico.org\/en\/wp-json\/wp\/v2\/users\/2"}],"replies":[{"embeddable":true,"href":"https:\/\/propacifico.org\/en\/wp-json\/wp\/v2\/comments?post=1300"}],"version-history":[{"count":1,"href":"https:\/\/propacifico.org\/en\/wp-json\/wp\/v2\/posts\/1300\/revisions"}],"predecessor-version":[{"id":1303,"href":"https:\/\/propacifico.org\/en\/wp-json\/wp\/v2\/posts\/1300\/revisions\/1303"}],"wp:featuredmedia":[{"embeddable":true,"href":"https:\/\/propacifico.org\/en\/wp-json\/wp\/v2\/media\/1302"}],"wp:attachment":[{"href":"https:\/\/propacifico.org\/en\/wp-json\/wp\/v2\/media?parent=1300"}],"wp:term":[{"taxonomy":"category","embeddable":true,"href":"https:\/\/propacifico.org\/en\/wp-json\/wp\/v2\/categories?post=1300"},{"taxonomy":"post_tag","embeddable":true,"href":"https:\/\/propacifico.org\/en\/wp-json\/wp\/v2\/tags?post=1300"}],"curies":[{"name":"wp","href":"https:\/\/api.w.org\/{rel}","templated":true}]}}