{"id":1294,"date":"2024-06-11T10:24:49","date_gmt":"2024-06-11T15:24:49","guid":{"rendered":"https:\/\/propacifico.org\/?p=1294"},"modified":"2024-06-11T10:24:51","modified_gmt":"2024-06-11T15:24:51","slug":"buenaventura-y-el-agua-requieren-de-atencion-y-empatia-del-pais","status":"publish","type":"post","link":"https:\/\/propacifico.org\/en\/blog\/buenaventura-y-el-agua-requieren-de-atencion-y-empatia-del-pais\/","title":{"rendered":"Buenaventura y el agua"},"content":{"rendered":"<p>Buenaventura es de Colombia y requiere la mirada atenta, dedicada y emp\u00e1tica de todo el pa\u00eds.<\/p>\n\n\n\n<p>Buenaventura, uno de los municipios con mayor riqueza hidrogr\u00e1fica de Colombia \u2013con once cuencas que dan vida a siete grandes r\u00edos y un centenar de quebradas\u2013 y uno de los sitios m\u00e1s h\u00famedos del pa\u00eds, en el que llueve casi todo el a\u00f1o, es el mismo municipio en el que parad\u00f3jicamente la mayor\u00eda de sus habitantes no tienen acceso permanente al agua potable.<\/p>\n\n\n\n<p>Seg\u00fan datos de la Superintendencia de Servicios P\u00fablicos, que son parte de un reporte de la Sociedad de Acueducto, Alcantarillado y Aseo de Buenaventura (SAAAB), la cobertura del servicio de agua en el Distrito es del 79 por ciento y la continuidad no supera las 10,1 horas por d\u00eda. Si esta cifra resulta dif\u00edcil de creer, lo es a\u00fan m\u00e1s si tenemos en cuenta que, como lo confirman los bonaverenses, en realidad no son m\u00e1s de 3 a 6 horas diarias las que tienen el servicio. Esto sin mencionar que hay sectores que pueden pasar d\u00edas y hasta semanas sin agua.<\/p>\n\n\n\n<p>El acueducto de Buenaventura se dise\u00f1\u00f3 hace m\u00e1s de 80 a\u00f1os, y desde hace m\u00e1s de 25 a\u00f1os se habla de la necesidad de modernizarlo. Con la expedici\u00f3n del Conpes 2861 (1996), se dio el impulso a la privatizaci\u00f3n de los servicios de acueducto y alcantarillado en Buenaventura en el a\u00f1o 2002 con la contrataci\u00f3n de Hidropac\u00edfico.<\/p>\n\n\n\n<p>Hasta esta fecha, el servicio lo prestaba directamente el Distrito y durante 20 a\u00f1os la ciudad cont\u00f3 con un prestador privado. Sin embargo, la situaci\u00f3n no mejor\u00f3, el servicio sigue siendo intermitente y el agua no es potable. Desde el 2022, la SAAAB asumi\u00f3 la operaci\u00f3n del servicio, sin cambios evidentes hasta el momento.<\/p>\n\n\n\n<p>Lo que s\u00ed ha resultado evidente es que las inversiones en las l\u00edneas de conducci\u00f3n y optimizaci\u00f3n de las redes matrices que se necesitan para que las p\u00e9rdidas no sean del 82 por ciento no se han hecho. Tampoco se ha trabajado en la optimizaci\u00f3n de la planta Escalerete y su bocatoma, entre algunas otras acciones necesarias para mejorar la calidad y la continuidad del servicio.<\/p>\n\n\n\n<p>Sin embargo, lo m\u00e1s frustrante de esta situaci\u00f3n es que desde 2014 se cre\u00f3 el Plan Todos Somos PAZc\u00edfico, que justamente ten\u00eda como objeto la inversi\u00f3n de m\u00e1s de $ 150.000 millones para el mejoramiento del acueducto de Buenaventura. Hasta la fecha, ha tenido avances e intervenciones, pero no han sido suficientes para que los bonoverenses tengan agua buena parte del d\u00eda todos los d\u00edas de la semana.<\/p>\n\n\n\n<p>Qu\u00e9 pensar\u00edan los ciudadanos de la capital colombiana, que recientemente se han enfrentado a cortes de agua, si esta situaci\u00f3n fuera su d\u00eda a d\u00eda. S\u00ed, en Colombia, en Buenaventura, el puerto del Pac\u00edfico no tiene agua potable de manera continua.&nbsp;<\/p>\n\n\n\n<p>No se puede afirmar que estas ejecutorias no se hayan dado por corrupci\u00f3n (aunque es mejor no escribirlo en piedra). Las causas est\u00e1n m\u00e1s dadas a falta de un equipo local capaz y dedicado a hacer que las cosas pasen. A que el fondo es manejado desde Bogot\u00e1, con las dificultades que eso trae.<\/p>\n\n\n\n<p>La realidad de una oficina en la capital colombiana es muy diferente a la de Buenaventura y tambi\u00e9n hay que decirlo, algunos liderazgos locales han generado m\u00e1s reprocesos y demoras que aportes.<\/p>\n\n\n\n<p>Buenaventura es de Colombia y requiere la mirada atenta, dedicada y emp\u00e1tica de todo el pa\u00eds. Necesitamos acciones concretas para que Buenaventura tenga agua 24\/7, y esto requiere la acci\u00f3n articulada de los sectores p\u00fablico, privado y comunitario. Menos discursos y m\u00e1s acciones.<\/p>\n\n\n\n<p>Tomado de <a href=\"https:\/\/www.eltiempo.com\/opinion\/columnistas\/buenaventura-y-el-agua-3350650\">eltiempo.com<\/a><\/p>","protected":false},"excerpt":{"rendered":"<p>Qu\u00e9 pensar\u00edan los ciudadanos de la capital colombiana, que recientemente se han enfrentado a cortes de agua, si esta situaci\u00f3n fuera su d\u00eda a d\u00eda.<\/p>","protected":false},"author":2,"featured_media":1295,"comment_status":"open","ping_status":"open","sticky":false,"template":"","format":"standard","meta":{"footnotes":""},"categories":[9,8,127,128],"tags":[45,31,24],"yoast_head":"<!-- This site is optimized with the Yoast SEO plugin v20.13 - https:\/\/yoast.com\/wordpress\/plugins\/seo\/ -->\n<title>Buenaventura y el agua - ProPacifico<\/title>\n<meta name=\"description\" content=\"Mar\u00eda Isabel Ulloa en El Tiempo habla sobre Buenaventura, el agua y como necesita m\u00e1s atenci\u00f3n y empat\u00eda del resto del pa\u00eds\" \/>\n<meta name=\"robots\" content=\"index, follow, max-snippet:-1, max-image-preview:large, max-video-preview:-1\" \/>\n<link rel=\"canonical\" href=\"https:\/\/propacifico.org\/en\/blog\/buenaventura-y-el-agua-requieren-de-atencion-y-empatia-del-pais\/\" \/>\n<meta property=\"og:locale\" content=\"en_US\" \/>\n<meta property=\"og:type\" content=\"article\" \/>\n<meta property=\"og:title\" content=\"Buenaventura y el agua - ProPacifico\" \/>\n<meta property=\"og:description\" content=\"Mar\u00eda Isabel Ulloa en El Tiempo habla sobre Buenaventura, el agua y como necesita m\u00e1s atenci\u00f3n y empat\u00eda del resto del pa\u00eds\" \/>\n<meta property=\"og:url\" content=\"https:\/\/propacifico.org\/en\/blog\/buenaventura-y-el-agua-requieren-de-atencion-y-empatia-del-pais\/\" \/>\n<meta property=\"og:site_name\" content=\"ProPacifico\" \/>\n<meta property=\"article:published_time\" content=\"2024-06-11T15:24:49+00:00\" \/>\n<meta property=\"article:modified_time\" content=\"2024-06-11T15:24:51+00:00\" \/>\n<meta property=\"og:image\" content=\"https:\/\/propacifico.org\/wp-content\/uploads\/2024\/06\/dsc-0316-scaled.jpg\" \/>\n\t<meta property=\"og:image:width\" content=\"2560\" \/>\n\t<meta property=\"og:image:height\" content=\"1707\" \/>\n\t<meta property=\"og:image:type\" content=\"image\/jpeg\" \/>\n<meta name=\"author\" content=\"Maria Isabel Ulloa\" \/>\n<meta name=\"twitter:card\" content=\"summary_large_image\" \/>\n<meta name=\"twitter:label1\" content=\"Written by\" \/>\n\t<meta name=\"twitter:data1\" content=\"Maria Isabel Ulloa\" \/>\n\t<meta name=\"twitter:label2\" content=\"Est. reading time\" \/>\n\t<meta name=\"twitter:data2\" content=\"3 minutes\" \/>\n<script type=\"application\/ld+json\" class=\"yoast-schema-graph\">{\"@context\":\"https:\/\/schema.org\",\"@graph\":[{\"@type\":\"WebPage\",\"@id\":\"https:\/\/propacifico.org\/blog\/buenaventura-y-el-agua-requieren-de-atencion-y-empatia-del-pais\/\",\"url\":\"https:\/\/propacifico.org\/blog\/buenaventura-y-el-agua-requieren-de-atencion-y-empatia-del-pais\/\",\"name\":\"Buenaventura y el agua - ProPacifico\",\"isPartOf\":{\"@id\":\"https:\/\/propacifico.org\/#website\"},\"datePublished\":\"2024-06-11T15:24:49+00:00\",\"dateModified\":\"2024-06-11T15:24:51+00:00\",\"author\":{\"@id\":\"https:\/\/propacifico.org\/#\/schema\/person\/52034457a07dd6e248685033a4743838\"},\"description\":\"Mar\u00eda Isabel Ulloa en El Tiempo habla sobre Buenaventura, el agua y como necesita m\u00e1s atenci\u00f3n y empat\u00eda del resto del pa\u00eds\",\"breadcrumb\":{\"@id\":\"https:\/\/propacifico.org\/blog\/buenaventura-y-el-agua-requieren-de-atencion-y-empatia-del-pais\/#breadcrumb\"},\"inLanguage\":\"en-US\",\"potentialAction\":[{\"@type\":\"ReadAction\",\"target\":[\"https:\/\/propacifico.org\/blog\/buenaventura-y-el-agua-requieren-de-atencion-y-empatia-del-pais\/\"]}]},{\"@type\":\"BreadcrumbList\",\"@id\":\"https:\/\/propacifico.org\/blog\/buenaventura-y-el-agua-requieren-de-atencion-y-empatia-del-pais\/#breadcrumb\",\"itemListElement\":[{\"@type\":\"ListItem\",\"position\":1,\"name\":\"Portada\",\"item\":\"https:\/\/propacifico.org\/\"},{\"@type\":\"ListItem\",\"position\":2,\"name\":\"Buenaventura y el agua\"}]},{\"@type\":\"WebSite\",\"@id\":\"https:\/\/propacifico.org\/#website\",\"url\":\"https:\/\/propacifico.org\/\",\"name\":\"ProPacifico\",\"description\":\"Somos una organizaci\u00f3n privada, sin \u00e1nimo de lucro, independiente y apol\u00edtica que trabaja en pro del desarrollo sostenible de la Regi\u00f3n Pac\u00edfico\",\"potentialAction\":[{\"@type\":\"SearchAction\",\"target\":{\"@type\":\"EntryPoint\",\"urlTemplate\":\"https:\/\/propacifico.org\/?s={search_term_string}\"},\"query-input\":\"required name=search_term_string\"}],\"inLanguage\":\"en-US\"},{\"@type\":\"Person\",\"@id\":\"https:\/\/propacifico.org\/#\/schema\/person\/52034457a07dd6e248685033a4743838\",\"name\":\"Maria Isabel Ulloa\",\"image\":{\"@type\":\"ImageObject\",\"inLanguage\":\"en-US\",\"@id\":\"https:\/\/propacifico.org\/#\/schema\/person\/image\/\",\"url\":\"https:\/\/secure.gravatar.com\/avatar\/f5893d2d06b6e6bc047b8767a66c428f?s=96&d=mm&r=g\",\"contentUrl\":\"https:\/\/secure.gravatar.com\/avatar\/f5893d2d06b6e6bc047b8767a66c428f?s=96&d=mm&r=g\",\"caption\":\"Maria Isabel Ulloa\"},\"url\":\"https:\/\/propacifico.org\/en\/blog\/author\/maria_isabel_ulloa\/\"}]}<\/script>\n<!-- \/ Yoast SEO plugin. -->","yoast_head_json":{"title":"Buenaventura y el agua - ProPacifico","description":"Mar\u00eda Isabel Ulloa en El Tiempo habla sobre Buenaventura, el agua y como necesita m\u00e1s atenci\u00f3n y empat\u00eda del resto del pa\u00eds","robots":{"index":"index","follow":"follow","max-snippet":"max-snippet:-1","max-image-preview":"max-image-preview:large","max-video-preview":"max-video-preview:-1"},"canonical":"https:\/\/propacifico.org\/en\/blog\/buenaventura-y-el-agua-requieren-de-atencion-y-empatia-del-pais\/","og_locale":"en_US","og_type":"article","og_title":"Buenaventura y el agua - ProPacifico","og_description":"Mar\u00eda Isabel Ulloa en El Tiempo habla sobre Buenaventura, el agua y como necesita m\u00e1s atenci\u00f3n y empat\u00eda del resto del pa\u00eds","og_url":"https:\/\/propacifico.org\/en\/blog\/buenaventura-y-el-agua-requieren-de-atencion-y-empatia-del-pais\/","og_site_name":"ProPacifico","article_published_time":"2024-06-11T15:24:49+00:00","article_modified_time":"2024-06-11T15:24:51+00:00","og_image":[{"width":2560,"height":1707,"url":"https:\/\/propacifico.org\/wp-content\/uploads\/2024\/06\/dsc-0316-scaled.jpg","type":"image\/jpeg"}],"author":"Maria Isabel Ulloa","twitter_card":"summary_large_image","twitter_misc":{"Written by":"Maria Isabel Ulloa","Est. reading time":"3 minutes"},"schema":{"@context":"https:\/\/schema.org","@graph":[{"@type":"WebPage","@id":"https:\/\/propacifico.org\/blog\/buenaventura-y-el-agua-requieren-de-atencion-y-empatia-del-pais\/","url":"https:\/\/propacifico.org\/blog\/buenaventura-y-el-agua-requieren-de-atencion-y-empatia-del-pais\/","name":"Buenaventura y el agua - ProPacifico","isPartOf":{"@id":"https:\/\/propacifico.org\/#website"},"datePublished":"2024-06-11T15:24:49+00:00","dateModified":"2024-06-11T15:24:51+00:00","author":{"@id":"https:\/\/propacifico.org\/#\/schema\/person\/52034457a07dd6e248685033a4743838"},"description":"Mar\u00eda Isabel Ulloa en El Tiempo habla sobre Buenaventura, el agua y como necesita m\u00e1s atenci\u00f3n y empat\u00eda del resto del pa\u00eds","breadcrumb":{"@id":"https:\/\/propacifico.org\/blog\/buenaventura-y-el-agua-requieren-de-atencion-y-empatia-del-pais\/#breadcrumb"},"inLanguage":"en-US","potentialAction":[{"@type":"ReadAction","target":["https:\/\/propacifico.org\/blog\/buenaventura-y-el-agua-requieren-de-atencion-y-empatia-del-pais\/"]}]},{"@type":"BreadcrumbList","@id":"https:\/\/propacifico.org\/blog\/buenaventura-y-el-agua-requieren-de-atencion-y-empatia-del-pais\/#breadcrumb","itemListElement":[{"@type":"ListItem","position":1,"name":"Portada","item":"https:\/\/propacifico.org\/"},{"@type":"ListItem","position":2,"name":"Buenaventura y el agua"}]},{"@type":"WebSite","@id":"https:\/\/propacifico.org\/#website","url":"https:\/\/propacifico.org\/","name":"ProPacifico","description":"Somos una organizaci\u00f3n privada, sin \u00e1nimo de lucro, independiente y apol\u00edtica que trabaja en pro del desarrollo sostenible de la Regi\u00f3n Pac\u00edfico","potentialAction":[{"@type":"SearchAction","target":{"@type":"EntryPoint","urlTemplate":"https:\/\/propacifico.org\/?s={search_term_string}"},"query-input":"required name=search_term_string"}],"inLanguage":"en-US"},{"@type":"Person","@id":"https:\/\/propacifico.org\/#\/schema\/person\/52034457a07dd6e248685033a4743838","name":"Maria Isabel Ulloa","image":{"@type":"ImageObject","inLanguage":"en-US","@id":"https:\/\/propacifico.org\/#\/schema\/person\/image\/","url":"https:\/\/secure.gravatar.com\/avatar\/f5893d2d06b6e6bc047b8767a66c428f?s=96&d=mm&r=g","contentUrl":"https:\/\/secure.gravatar.com\/avatar\/f5893d2d06b6e6bc047b8767a66c428f?s=96&d=mm&r=g","caption":"Maria Isabel Ulloa"},"url":"https:\/\/propacifico.org\/en\/blog\/author\/maria_isabel_ulloa\/"}]}},"_links":{"self":[{"href":"https:\/\/propacifico.org\/en\/wp-json\/wp\/v2\/posts\/1294"}],"collection":[{"href":"https:\/\/propacifico.org\/en\/wp-json\/wp\/v2\/posts"}],"about":[{"href":"https:\/\/propacifico.org\/en\/wp-json\/wp\/v2\/types\/post"}],"author":[{"embeddable":true,"href":"https:\/\/propacifico.org\/en\/wp-json\/wp\/v2\/users\/2"}],"replies":[{"embeddable":true,"href":"https:\/\/propacifico.org\/en\/wp-json\/wp\/v2\/comments?post=1294"}],"version-history":[{"count":1,"href":"https:\/\/propacifico.org\/en\/wp-json\/wp\/v2\/posts\/1294\/revisions"}],"predecessor-version":[{"id":1296,"href":"https:\/\/propacifico.org\/en\/wp-json\/wp\/v2\/posts\/1294\/revisions\/1296"}],"wp:featuredmedia":[{"embeddable":true,"href":"https:\/\/propacifico.org\/en\/wp-json\/wp\/v2\/media\/1295"}],"wp:attachment":[{"href":"https:\/\/propacifico.org\/en\/wp-json\/wp\/v2\/media?parent=1294"}],"wp:term":[{"taxonomy":"category","embeddable":true,"href":"https:\/\/propacifico.org\/en\/wp-json\/wp\/v2\/categories?post=1294"},{"taxonomy":"post_tag","embeddable":true,"href":"https:\/\/propacifico.org\/en\/wp-json\/wp\/v2\/tags?post=1294"}],"curies":[{"name":"wp","href":"https:\/\/api.w.org\/{rel}","templated":true}]}}