{"id":1062,"date":"2023-08-29T12:48:00","date_gmt":"2023-08-29T17:48:00","guid":{"rendered":"https:\/\/propacifico.org\/?p=1062"},"modified":"2024-04-09T08:53:07","modified_gmt":"2024-04-09T13:53:07","slug":"vias-terciarias","status":"publish","type":"post","link":"https:\/\/propacifico.org\/en\/blog\/vias-terciarias\/","title":{"rendered":"Tertiary Roads"},"content":{"rendered":"<p>Mucho hablamos de grandes proyectos de infraestructura, que claramente son muy importantes y necesarios.&nbsp;<strong>Sin embargo, no podemos perder de vista que gran parte del desarrollo y la competitividad regional se logra si, adem\u00e1s de las v\u00edas primarias, logramos mantener y mejorar nuestras v\u00edas rurales o red terciaria.<\/strong><\/p>\n\n\n\n<p>Es a trav\u00e9s de la red terciaria como se logra mejorar el acceso de los ciudadanos a servicios de primera necesidad como la salud y la educaci\u00f3n. Cabe recordar que para muchos habitantes de los centros poblados del departamento resulta complejo llegar a las cabeceras municipales. Para muchos ni\u00f1os de las zonas rurales es toda una traves\u00eda llegar a sus colegios diariamente, y qu\u00e9 decir de la llegada a los centros de salud.&nbsp;<strong>Esto sucede no solo en municipios apartados como el \u00c1guila y el Cairo, sino tambi\u00e9n en las zonas rurales de municipios como Palmira, Jamund\u00ed y Tulu\u00e1.<\/strong><\/p>\n\n\n\n<p>Por otro lado, siempre escuchamos en los discursos las intenciones de fortalecer y apoyar los emprendimientos campesinos y \u00e9tnicos. Sin embargo, estos discursos omiten una parte importante de la ecuaci\u00f3n: de nada sirve darles apoyo y hasta capital semilla a estos emprendimientos y producciones agr\u00edcolas, si estos no logran tener bienes p\u00fablicos que les permitan vender y movilizar sus productos, ya que el gran potencial de venta est\u00e1 en las ciudades y centros urbanos. As\u00ed mismo, una mejor infraestructura vial les permite ser m\u00e1s productivos gracias al acceso a nuevas tecnolog\u00edas e insumos baratos.<\/p>\n\n\n\n<p>Por esto,&nbsp;<strong>cuando hablo de bienes p\u00fablicos, hablo de red terciaria, pero adem\u00e1s de la necesidad de contar con otras infraestructuras como agrocentros que sirvan para consolidar la producci\u00f3n agr\u00edcola regional<\/strong>, su conexi\u00f3n con los nodos de comercio exterior y hacia el resto del pa\u00eds.<\/p>\n\n\n\n<p>Seg\u00fan el \u00faltimo inventario vial realizado por la Gobernaci\u00f3n del Valle del Cauca en 2019, cerca del 75% de las v\u00edas del departamento son terciarias y solo el 14% est\u00e1 en buen estado. A pesar de los esfuerzos de la Gobernaci\u00f3n y de los municipios, hoy el panorama puede ser incluso peor despu\u00e9s de la reciente temporada invernal, que en algunos lugares casi borr\u00f3 lo que se hubiera considerado una v\u00eda terciaria.<\/p>\n\n\n\n<p>ProPac\u00edfico realiz\u00f3 el estudio denominado \u2018V\u00edas terciarias: oportunidades para su fortalecimiento en el Valle del Cauca\u2019, este cuantifica que se requerir\u00edan cerca de $2,5 billones en un horizonte de 15 a\u00f1os para poner a punto y mantener en \u00f3ptimas condiciones nuestra red departamental. Un reto enorme, por lo que debemos avanzar en priorizar los corredores y sofisticar las herramientas de gesti\u00f3n de activos viales. Hacer de esto un prop\u00f3sito com\u00fan de regi\u00f3n es clave.&nbsp;<strong>La convergencia de recursos es fundamental, debemos aprovechar la decisi\u00f3n pol\u00edtica del actual Gobierno Nacional de financiar estas v\u00edas para sumar recursos propios de la Gobernaci\u00f3n y las alcald\u00edas<\/strong>, adem\u00e1s de regal\u00edas, obras por impuestos, e incluso de cooperaci\u00f3n internacional.<\/p>\n\n\n\n<p>Seg\u00fan este estudio, que al final es una herramienta que busca contribuir a la priorizaci\u00f3n de las intervenciones en la red rural, unos de los corredores que se destacan en una primera fase son: el corredor Roldanillo \u2013 La Tulia \u2013 Trujillo \u2013 Riofrio, las v\u00edas hacia el \u00c1guila y el Cairo, todas de gran importancia para consolidar las apuestas productivas y el turismo, de esta zona del departamento. De igual manera en la regi\u00f3n sur, los corredores en Dagua y la Cumbre, lo mismo que en las zonas rurales de Palmira y Cerrito, solo por dar algunos ejemplos.<\/p>\n\n\n\n<p>Las v\u00edas terciarias deben estar en nuestra agenda regional de prioridades como complemento indispensable para los grandes proyectos que hemos venido impulsando. Solo con territorios rurales fortalecidos y conectados, seremos m\u00e1s competitivos y alcanzaremos el desarrollo regional reduciendo las disparidades y la pobreza.<\/p>\n\n\n\n<figure class=\"wp-block-embed is-type-video is-provider-youtube wp-block-embed-youtube wp-embed-aspect-16-9 wp-has-aspect-ratio\"><div class=\"wp-block-embed__wrapper\">\n<iframe loading=\"lazy\" title=\"V\u00edas terciarias: oportunidades para su fortalecimiento en el Valle del Cauca\" width=\"500\" height=\"281\" src=\"https:\/\/www.youtube.com\/embed\/qART04AEDGA?feature=oembed\" frameborder=\"0\" allow=\"accelerometer; autoplay; clipboard-write; encrypted-media; gyroscope; picture-in-picture; web-share\" referrerpolicy=\"strict-origin-when-cross-origin\" allowfullscreen><\/iframe>\n<\/div><\/figure>\n\n\n\n<p>*Tomado de&nbsp;<a href=\"https:\/\/www.elpais.com.co\/opinion\/columnistas\/vias-terciarias-2931.html\">elpais.com.co<\/a><\/p>","protected":false},"excerpt":{"rendered":"<p>Es a trav\u00e9s de las v\u00edas terciarias como se logra mejorar el acceso de los ciudadanos a servicios de primera necesidad como salud y la educaci\u00f3n<\/p>","protected":false},"author":2,"featured_media":1232,"comment_status":"open","ping_status":"open","sticky":false,"template":"","format":"standard","meta":{"footnotes":""},"categories":[12,11],"tags":[],"yoast_head":"<!-- This site is optimized with the Yoast SEO plugin v20.13 - https:\/\/yoast.com\/wordpress\/plugins\/seo\/ -->\n<title>V\u00edas terciarias - ProPacifico<\/title>\n<meta name=\"description\" content=\"Es a trav\u00e9s de las v\u00edas terciarias como se logra mejorar el acceso de ciudadanos a servicios de primera necesidad como salud y la educaci\u00f3n\" \/>\n<meta name=\"robots\" content=\"index, follow, max-snippet:-1, max-image-preview:large, max-video-preview:-1\" \/>\n<link rel=\"canonical\" href=\"https:\/\/propacifico.org\/en\/blog\/vias-terciarias\/\" \/>\n<meta property=\"og:locale\" content=\"en_US\" \/>\n<meta property=\"og:type\" content=\"article\" \/>\n<meta property=\"og:title\" content=\"V\u00edas terciarias - ProPacifico\" \/>\n<meta property=\"og:description\" content=\"Es a trav\u00e9s de las v\u00edas terciarias como se logra mejorar el acceso de ciudadanos a servicios de primera necesidad como salud y la educaci\u00f3n\" \/>\n<meta property=\"og:url\" content=\"https:\/\/propacifico.org\/en\/blog\/vias-terciarias\/\" \/>\n<meta property=\"og:site_name\" content=\"ProPacifico\" \/>\n<meta property=\"article:published_time\" content=\"2023-08-29T17:48:00+00:00\" \/>\n<meta property=\"article:modified_time\" content=\"2024-04-09T13:53:07+00:00\" \/>\n<meta property=\"og:image\" content=\"https:\/\/propacifico.org\/wp-content\/uploads\/2023\/08\/vias-terciarias-evento-1024x576.png\" \/>\n\t<meta property=\"og:image:width\" content=\"1024\" \/>\n\t<meta property=\"og:image:height\" content=\"576\" \/>\n\t<meta property=\"og:image:type\" content=\"image\/png\" \/>\n<meta name=\"author\" content=\"Maria Isabel Ulloa\" \/>\n<meta name=\"twitter:card\" content=\"summary_large_image\" \/>\n<meta name=\"twitter:label1\" content=\"Written by\" \/>\n\t<meta name=\"twitter:data1\" content=\"Maria Isabel Ulloa\" \/>\n\t<meta name=\"twitter:label2\" content=\"Est. reading time\" \/>\n\t<meta name=\"twitter:data2\" content=\"3 minutes\" \/>\n<script type=\"application\/ld+json\" class=\"yoast-schema-graph\">{\"@context\":\"https:\/\/schema.org\",\"@graph\":[{\"@type\":\"WebPage\",\"@id\":\"https:\/\/propacifico.org\/blog\/vias-terciarias\/\",\"url\":\"https:\/\/propacifico.org\/blog\/vias-terciarias\/\",\"name\":\"V\u00edas terciarias - ProPacifico\",\"isPartOf\":{\"@id\":\"https:\/\/propacifico.org\/#website\"},\"datePublished\":\"2023-08-29T17:48:00+00:00\",\"dateModified\":\"2024-04-09T13:53:07+00:00\",\"author\":{\"@id\":\"https:\/\/propacifico.org\/#\/schema\/person\/52034457a07dd6e248685033a4743838\"},\"description\":\"Es a trav\u00e9s de las v\u00edas terciarias como se logra mejorar el acceso de ciudadanos a servicios de primera necesidad como salud y la educaci\u00f3n\",\"breadcrumb\":{\"@id\":\"https:\/\/propacifico.org\/blog\/vias-terciarias\/#breadcrumb\"},\"inLanguage\":\"en-US\",\"potentialAction\":[{\"@type\":\"ReadAction\",\"target\":[\"https:\/\/propacifico.org\/blog\/vias-terciarias\/\"]}]},{\"@type\":\"BreadcrumbList\",\"@id\":\"https:\/\/propacifico.org\/blog\/vias-terciarias\/#breadcrumb\",\"itemListElement\":[{\"@type\":\"ListItem\",\"position\":1,\"name\":\"Portada\",\"item\":\"https:\/\/propacifico.org\/\"},{\"@type\":\"ListItem\",\"position\":2,\"name\":\"V\u00edas terciarias\"}]},{\"@type\":\"WebSite\",\"@id\":\"https:\/\/propacifico.org\/#website\",\"url\":\"https:\/\/propacifico.org\/\",\"name\":\"ProPacifico\",\"description\":\"Somos una organizaci\u00f3n privada, sin \u00e1nimo de lucro, independiente y apol\u00edtica que trabaja en pro del desarrollo sostenible de la Regi\u00f3n Pac\u00edfico\",\"potentialAction\":[{\"@type\":\"SearchAction\",\"target\":{\"@type\":\"EntryPoint\",\"urlTemplate\":\"https:\/\/propacifico.org\/?s={search_term_string}\"},\"query-input\":\"required name=search_term_string\"}],\"inLanguage\":\"en-US\"},{\"@type\":\"Person\",\"@id\":\"https:\/\/propacifico.org\/#\/schema\/person\/52034457a07dd6e248685033a4743838\",\"name\":\"Maria Isabel Ulloa\",\"image\":{\"@type\":\"ImageObject\",\"inLanguage\":\"en-US\",\"@id\":\"https:\/\/propacifico.org\/#\/schema\/person\/image\/\",\"url\":\"https:\/\/secure.gravatar.com\/avatar\/f5893d2d06b6e6bc047b8767a66c428f?s=96&d=mm&r=g\",\"contentUrl\":\"https:\/\/secure.gravatar.com\/avatar\/f5893d2d06b6e6bc047b8767a66c428f?s=96&d=mm&r=g\",\"caption\":\"Maria Isabel Ulloa\"},\"url\":\"https:\/\/propacifico.org\/en\/blog\/author\/maria_isabel_ulloa\/\"}]}<\/script>\n<!-- \/ Yoast SEO plugin. -->","yoast_head_json":{"title":"V\u00edas terciarias - ProPacifico","description":"Es a trav\u00e9s de las v\u00edas terciarias como se logra mejorar el acceso de ciudadanos a servicios de primera necesidad como salud y la educaci\u00f3n","robots":{"index":"index","follow":"follow","max-snippet":"max-snippet:-1","max-image-preview":"max-image-preview:large","max-video-preview":"max-video-preview:-1"},"canonical":"https:\/\/propacifico.org\/en\/blog\/vias-terciarias\/","og_locale":"en_US","og_type":"article","og_title":"V\u00edas terciarias - ProPacifico","og_description":"Es a trav\u00e9s de las v\u00edas terciarias como se logra mejorar el acceso de ciudadanos a servicios de primera necesidad como salud y la educaci\u00f3n","og_url":"https:\/\/propacifico.org\/en\/blog\/vias-terciarias\/","og_site_name":"ProPacifico","article_published_time":"2023-08-29T17:48:00+00:00","article_modified_time":"2024-04-09T13:53:07+00:00","og_image":[{"width":1024,"height":576,"url":"https:\/\/propacifico.org\/wp-content\/uploads\/2023\/08\/vias-terciarias-evento-1024x576.png","type":"image\/png"}],"author":"Maria Isabel Ulloa","twitter_card":"summary_large_image","twitter_misc":{"Written by":"Maria Isabel Ulloa","Est. reading time":"3 minutes"},"schema":{"@context":"https:\/\/schema.org","@graph":[{"@type":"WebPage","@id":"https:\/\/propacifico.org\/blog\/vias-terciarias\/","url":"https:\/\/propacifico.org\/blog\/vias-terciarias\/","name":"V\u00edas terciarias - ProPacifico","isPartOf":{"@id":"https:\/\/propacifico.org\/#website"},"datePublished":"2023-08-29T17:48:00+00:00","dateModified":"2024-04-09T13:53:07+00:00","author":{"@id":"https:\/\/propacifico.org\/#\/schema\/person\/52034457a07dd6e248685033a4743838"},"description":"Es a trav\u00e9s de las v\u00edas terciarias como se logra mejorar el acceso de ciudadanos a servicios de primera necesidad como salud y la educaci\u00f3n","breadcrumb":{"@id":"https:\/\/propacifico.org\/blog\/vias-terciarias\/#breadcrumb"},"inLanguage":"en-US","potentialAction":[{"@type":"ReadAction","target":["https:\/\/propacifico.org\/blog\/vias-terciarias\/"]}]},{"@type":"BreadcrumbList","@id":"https:\/\/propacifico.org\/blog\/vias-terciarias\/#breadcrumb","itemListElement":[{"@type":"ListItem","position":1,"name":"Portada","item":"https:\/\/propacifico.org\/"},{"@type":"ListItem","position":2,"name":"V\u00edas terciarias"}]},{"@type":"WebSite","@id":"https:\/\/propacifico.org\/#website","url":"https:\/\/propacifico.org\/","name":"ProPacifico","description":"Somos una organizaci\u00f3n privada, sin \u00e1nimo de lucro, independiente y apol\u00edtica que trabaja en pro del desarrollo sostenible de la Regi\u00f3n Pac\u00edfico","potentialAction":[{"@type":"SearchAction","target":{"@type":"EntryPoint","urlTemplate":"https:\/\/propacifico.org\/?s={search_term_string}"},"query-input":"required name=search_term_string"}],"inLanguage":"en-US"},{"@type":"Person","@id":"https:\/\/propacifico.org\/#\/schema\/person\/52034457a07dd6e248685033a4743838","name":"Maria Isabel Ulloa","image":{"@type":"ImageObject","inLanguage":"en-US","@id":"https:\/\/propacifico.org\/#\/schema\/person\/image\/","url":"https:\/\/secure.gravatar.com\/avatar\/f5893d2d06b6e6bc047b8767a66c428f?s=96&d=mm&r=g","contentUrl":"https:\/\/secure.gravatar.com\/avatar\/f5893d2d06b6e6bc047b8767a66c428f?s=96&d=mm&r=g","caption":"Maria Isabel Ulloa"},"url":"https:\/\/propacifico.org\/en\/blog\/author\/maria_isabel_ulloa\/"}]}},"_links":{"self":[{"href":"https:\/\/propacifico.org\/en\/wp-json\/wp\/v2\/posts\/1062"}],"collection":[{"href":"https:\/\/propacifico.org\/en\/wp-json\/wp\/v2\/posts"}],"about":[{"href":"https:\/\/propacifico.org\/en\/wp-json\/wp\/v2\/types\/post"}],"author":[{"embeddable":true,"href":"https:\/\/propacifico.org\/en\/wp-json\/wp\/v2\/users\/2"}],"replies":[{"embeddable":true,"href":"https:\/\/propacifico.org\/en\/wp-json\/wp\/v2\/comments?post=1062"}],"version-history":[{"count":4,"href":"https:\/\/propacifico.org\/en\/wp-json\/wp\/v2\/posts\/1062\/revisions"}],"predecessor-version":[{"id":1234,"href":"https:\/\/propacifico.org\/en\/wp-json\/wp\/v2\/posts\/1062\/revisions\/1234"}],"wp:featuredmedia":[{"embeddable":true,"href":"https:\/\/propacifico.org\/en\/wp-json\/wp\/v2\/media\/1232"}],"wp:attachment":[{"href":"https:\/\/propacifico.org\/en\/wp-json\/wp\/v2\/media?parent=1062"}],"wp:term":[{"taxonomy":"category","embeddable":true,"href":"https:\/\/propacifico.org\/en\/wp-json\/wp\/v2\/categories?post=1062"},{"taxonomy":"post_tag","embeddable":true,"href":"https:\/\/propacifico.org\/en\/wp-json\/wp\/v2\/tags?post=1062"}],"curies":[{"name":"wp","href":"https:\/\/api.w.org\/{rel}","templated":true}]}}